{"id":69411,"date":"2025-03-20T11:06:03","date_gmt":"2025-03-20T09:06:03","guid":{"rendered":"https:\/\/orheifm.live\/index.php\/2025\/03\/20\/sofer-de-mercedes-a-evitat-pe-muchie-o-tragedie-pe-o-strada-din-capitala\/"},"modified":"2025-03-20T11:06:03","modified_gmt":"2025-03-20T09:06:03","slug":"sofer-de-mercedes-a-evitat-pe-muchie-o-tragedie-pe-o-strada-din-capitala","status":"publish","type":"post","link":"https:\/\/orheifm.live\/index.php\/2025\/03\/20\/sofer-de-mercedes-a-evitat-pe-muchie-o-tragedie-pe-o-strada-din-capitala\/","title":{"rendered":"\u0218ofer de Mercedes a evitat pe muchie o tragedie pe o strad\u0103 din capital\u0103"},"content":{"rendered":"<div>\n<p><strong>\u0218oferul unui Mercedes a evitat cu greu o tragedie, trec\u00e2nd cu vitez\u0103 pe culoarea ro\u0219ie a semaforului \u0219i fiind la un pas de a lovi o femeie care traversa regulamentar strada.<\/strong><\/p>\n<p>Incidentul a fost surprins de camera de bord a unui alt automobil aflat \u00een trafic, ast\u0103zi, \u00een jurul orei 16:15, pe o strad\u0103 din capital\u0103.<\/p>\n<\/div>\n","protected":false},"excerpt":{"rendered":"<div><img loading=\"lazy\" decoding=\"async\" width=\"696\" height=\"552\" src=\"https:\/\/canal5.md\/wp-content\/uploads\/2025\/03\/snimok-ekrana-2025-03-20-110508-optimized.png\" class=\"attachment-large size-large wp-post-image\" alt=\"\" srcset=\"https:\/\/canal5.md\/wp-content\/uploads\/2025\/03\/snimok-ekrana-2025-03-20-110508-optimized.png 927w, https:\/\/canal5.md\/wp-content\/uploads\/2025\/03\/snimok-ekrana-2025-03-20-110508-300x238-optimized.png 300w, https:\/\/canal5.md\/wp-content\/uploads\/2025\/03\/snimok-ekrana-2025-03-20-110508-768x609-optimized.png 768w, https:\/\/canal5.md\/wp-content\/uploads\/2025\/03\/snimok-ekrana-2025-03-20-110508-696x552-optimized.png 696w\">\u0218oferul unui Mercedes a evitat cu greu o tragedie, trec\u00e2nd cu vitez\u0103 pe culoarea ro\u0219ie a semaforului \u0219i fiind la un pas de a lovi o femeie care traversa regulamentar strada. Incidentul a fost surprins de camera de bord a unui alt automobil aflat \u00een trafic, ast\u0103zi, \u00een jurul orei 16:15, pe o strad\u0103 din [\u2026]<\/div>\n","protected":false},"author":1,"featured_media":69412,"comment_status":"closed","ping_status":"closed","sticky":false,"template":"","format":"standard","meta":{"jnews-multi-image_gallery":[],"jnews_single_post":[],"jnews_primary_category":[],"jnews_social_meta":[],"jnews_override_counter":[],"footnotes":""},"categories":[30],"tags":[],"class_list":["post-69411","post","type-post","status-publish","format-standard","has-post-thumbnail","hentry","category-social_ro"],"_links":{"self":[{"href":"https:\/\/orheifm.live\/index.php\/wp-json\/wp\/v2\/posts\/69411","targetHints":{"allow":["GET"]}}],"collection":[{"href":"https:\/\/orheifm.live\/index.php\/wp-json\/wp\/v2\/posts"}],"about":[{"href":"https:\/\/orheifm.live\/index.php\/wp-json\/wp\/v2\/types\/post"}],"author":[{"embeddable":true,"href":"https:\/\/orheifm.live\/index.php\/wp-json\/wp\/v2\/users\/1"}],"replies":[{"embeddable":true,"href":"https:\/\/orheifm.live\/index.php\/wp-json\/wp\/v2\/comments?post=69411"}],"version-history":[{"count":0,"href":"https:\/\/orheifm.live\/index.php\/wp-json\/wp\/v2\/posts\/69411\/revisions"}],"wp:featuredmedia":[{"embeddable":true,"href":"https:\/\/orheifm.live\/index.php\/wp-json\/wp\/v2\/media\/69412"}],"wp:attachment":[{"href":"https:\/\/orheifm.live\/index.php\/wp-json\/wp\/v2\/media?parent=69411"}],"wp:term":[{"taxonomy":"category","embeddable":true,"href":"https:\/\/orheifm.live\/index.php\/wp-json\/wp\/v2\/categories?post=69411"},{"taxonomy":"post_tag","embeddable":true,"href":"https:\/\/orheifm.live\/index.php\/wp-json\/wp\/v2\/tags?post=69411"}],"curies":[{"name":"wp","href":"https:\/\/api.w.org\/{rel}","templated":true}]}}