{"id":69405,"date":"2025-03-20T09:28:57","date_gmt":"2025-03-20T07:28:57","guid":{"rendered":"https:\/\/orheifm.live\/index.php\/2025\/03\/20\/accident-matinal-in-chisinau-intre-o-ambulanta-si-un-automobil\/"},"modified":"2025-03-20T09:28:57","modified_gmt":"2025-03-20T07:28:57","slug":"accident-matinal-in-chisinau-intre-o-ambulanta-si-un-automobil","status":"publish","type":"post","link":"https:\/\/orheifm.live\/index.php\/2025\/03\/20\/accident-matinal-in-chisinau-intre-o-ambulanta-si-un-automobil\/","title":{"rendered":"Accident matinal \u00een Chi\u0219in\u0103u \u00eentre o ambulan\u021b\u0103 \u0219i un automobil"},"content":{"rendered":"<div>\n<p><strong>Un accident rutier matinal, \u00een care a fost implicat\u0103 o ambulan\u021b\u0103, s-a produs \u00een diminea\u021ba zilei de 20 martie pe strada Nicolae Testemi\u021banu din municipiul Chi\u0219in\u0103u.<\/strong><\/p>\n<p>Potrivit \u0219efului Serviciului de pres\u0103 al Poli\u021biei Capitalei, Natalia Stati, incidentul a fost raportat la ora 07:23. La fa\u021ba locului, poli\u021bi\u0219tii au constatat c\u0103 accidentul a avut loc \u00eentre o ambulan\u021b\u0103 \u0219i un automobil marca Peugeot.<\/p>\n<p>Din fericire, nicio persoan\u0103 nu a fost r\u0103nit\u0103 \u00een urma coliziunii, \u00eens\u0103 ambele vehicule au suferit avarii. Autorit\u0103\u021bile au demarat o anchet\u0103 pentru a stabili circumstan\u021bele exacte ale accidentului.<\/p>\n<\/div>\n","protected":false},"excerpt":{"rendered":"<div><img loading=\"lazy\" decoding=\"async\" width=\"354\" height=\"329\" src=\"https:\/\/canal5.md\/wp-content\/uploads\/2025\/03\/snimok-ekrana_20-3-2025_9228_stiri.md_-optimized.jpeg\" class=\"attachment-large size-large wp-post-image\" alt=\"\" srcset=\"https:\/\/canal5.md\/wp-content\/uploads\/2025\/03\/snimok-ekrana_20-3-2025_9228_stiri.md_-optimized.jpeg 354w, https:\/\/canal5.md\/wp-content\/uploads\/2025\/03\/snimok-ekrana_20-3-2025_9228_stiri.md_-300x279-optimized.jpeg 300w\">Un accident rutier matinal, \u00een care a fost implicat\u0103 o ambulan\u021b\u0103, s-a produs \u00een diminea\u021ba zilei de 20 martie pe strada Nicolae Testemi\u021banu din municipiul Chi\u0219in\u0103u. Potrivit \u0219efului Serviciului de pres\u0103 al Poli\u021biei Capitalei, Natalia Stati, incidentul a fost raportat la ora 07:23. La fa\u021ba locului, poli\u021bi\u0219tii au constatat c\u0103 accidentul a avut loc \u00eentre [\u2026]<\/div>\n","protected":false},"author":1,"featured_media":69406,"comment_status":"closed","ping_status":"closed","sticky":false,"template":"","format":"standard","meta":{"jnews-multi-image_gallery":[],"jnews_single_post":[],"jnews_primary_category":[],"jnews_social_meta":[],"jnews_override_counter":[],"footnotes":""},"categories":[30],"tags":[],"class_list":["post-69405","post","type-post","status-publish","format-standard","has-post-thumbnail","hentry","category-social_ro"],"_links":{"self":[{"href":"https:\/\/orheifm.live\/index.php\/wp-json\/wp\/v2\/posts\/69405","targetHints":{"allow":["GET"]}}],"collection":[{"href":"https:\/\/orheifm.live\/index.php\/wp-json\/wp\/v2\/posts"}],"about":[{"href":"https:\/\/orheifm.live\/index.php\/wp-json\/wp\/v2\/types\/post"}],"author":[{"embeddable":true,"href":"https:\/\/orheifm.live\/index.php\/wp-json\/wp\/v2\/users\/1"}],"replies":[{"embeddable":true,"href":"https:\/\/orheifm.live\/index.php\/wp-json\/wp\/v2\/comments?post=69405"}],"version-history":[{"count":0,"href":"https:\/\/orheifm.live\/index.php\/wp-json\/wp\/v2\/posts\/69405\/revisions"}],"wp:featuredmedia":[{"embeddable":true,"href":"https:\/\/orheifm.live\/index.php\/wp-json\/wp\/v2\/media\/69406"}],"wp:attachment":[{"href":"https:\/\/orheifm.live\/index.php\/wp-json\/wp\/v2\/media?parent=69405"}],"wp:term":[{"taxonomy":"category","embeddable":true,"href":"https:\/\/orheifm.live\/index.php\/wp-json\/wp\/v2\/categories?post=69405"},{"taxonomy":"post_tag","embeddable":true,"href":"https:\/\/orheifm.live\/index.php\/wp-json\/wp\/v2\/tags?post=69405"}],"curies":[{"name":"wp","href":"https:\/\/api.w.org\/{rel}","templated":true}]}}