{"id":69403,"date":"2025-03-20T09:10:00","date_gmt":"2025-03-20T07:10:00","guid":{"rendered":"https:\/\/orheifm.live\/index.php\/2025\/03\/20\/meteorologii-au-anuntat-vreme-frumoasa-si-mai-calda\/"},"modified":"2025-03-20T09:10:00","modified_gmt":"2025-03-20T07:10:00","slug":"meteorologii-au-anuntat-vreme-frumoasa-si-mai-calda","status":"publish","type":"post","link":"https:\/\/orheifm.live\/index.php\/2025\/03\/20\/meteorologii-au-anuntat-vreme-frumoasa-si-mai-calda\/","title":{"rendered":"Meteorologii au anun\u021bat vreme frumoas\u0103 \u0219i mai cald\u0103"},"content":{"rendered":"<div>\n<p><strong>Meteorologii au prognozat o \u00eenc\u0103lzire, cu cer variabil \u0219i vreme f\u0103r\u0103 precipita\u021bii. V\u00e2ntul a suflat slab p\u00e2n\u0103 la moderat, din nord-vest. <\/strong><\/p>\n<p>\u00cen timpul zilei, \u00een sudul \u021b\u0103rii, temperaturile au atins valori de +13\u2026+15\u00b0C.<\/p>\n<p>\u00cen centru, s-au \u00eenregistrat +11\u2026+13\u00b0C, iar \u00een nord, termometrele au indicat +8\u2026+10\u00b0C.<\/p>\n<p>Pe timp de noapte, temperatura minim\u0103 a variat \u00eentre -3\u00b0C \u0219i +2\u00b0C.<\/p>\n<\/div>\n","protected":false},"excerpt":{"rendered":"<div><img loading=\"lazy\" decoding=\"async\" width=\"696\" height=\"458\" src=\"https:\/\/canal5.md\/wp-content\/uploads\/2025\/03\/804336-optimized.webp\" class=\"attachment-large size-large wp-post-image\" alt=\"\" srcset=\"https:\/\/canal5.md\/wp-content\/uploads\/2025\/03\/804336-optimized.webp 760w, https:\/\/canal5.md\/wp-content\/uploads\/2025\/03\/804336-300x197-optimized.webp 300w, https:\/\/canal5.md\/wp-content\/uploads\/2025\/03\/804336-696x458-optimized.webp 696w\">Meteorologii au prognozat o \u00eenc\u0103lzire, cu cer variabil \u0219i vreme f\u0103r\u0103 precipita\u021bii. V\u00e2ntul a suflat slab p\u00e2n\u0103 la moderat, din nord-vest. \u00cen timpul zilei, \u00een sudul \u021b\u0103rii, temperaturile au atins valori de +13\u2026+15\u00b0C. \u00cen centru, s-au \u00eenregistrat +11\u2026+13\u00b0C, iar \u00een nord, termometrele au indicat +8\u2026+10\u00b0C. Pe timp de noapte, temperatura minim\u0103 a variat \u00eentre -3\u00b0C [\u2026]<\/div>\n","protected":false},"author":1,"featured_media":69404,"comment_status":"closed","ping_status":"closed","sticky":false,"template":"","format":"standard","meta":{"jnews-multi-image_gallery":[],"jnews_single_post":[],"jnews_primary_category":[],"jnews_social_meta":[],"jnews_override_counter":[],"footnotes":""},"categories":[30],"tags":[],"class_list":["post-69403","post","type-post","status-publish","format-standard","has-post-thumbnail","hentry","category-social_ro"],"_links":{"self":[{"href":"https:\/\/orheifm.live\/index.php\/wp-json\/wp\/v2\/posts\/69403","targetHints":{"allow":["GET"]}}],"collection":[{"href":"https:\/\/orheifm.live\/index.php\/wp-json\/wp\/v2\/posts"}],"about":[{"href":"https:\/\/orheifm.live\/index.php\/wp-json\/wp\/v2\/types\/post"}],"author":[{"embeddable":true,"href":"https:\/\/orheifm.live\/index.php\/wp-json\/wp\/v2\/users\/1"}],"replies":[{"embeddable":true,"href":"https:\/\/orheifm.live\/index.php\/wp-json\/wp\/v2\/comments?post=69403"}],"version-history":[{"count":0,"href":"https:\/\/orheifm.live\/index.php\/wp-json\/wp\/v2\/posts\/69403\/revisions"}],"wp:featuredmedia":[{"embeddable":true,"href":"https:\/\/orheifm.live\/index.php\/wp-json\/wp\/v2\/media\/69404"}],"wp:attachment":[{"href":"https:\/\/orheifm.live\/index.php\/wp-json\/wp\/v2\/media?parent=69403"}],"wp:term":[{"taxonomy":"category","embeddable":true,"href":"https:\/\/orheifm.live\/index.php\/wp-json\/wp\/v2\/categories?post=69403"},{"taxonomy":"post_tag","embeddable":true,"href":"https:\/\/orheifm.live\/index.php\/wp-json\/wp\/v2\/tags?post=69403"}],"curies":[{"name":"wp","href":"https:\/\/api.w.org\/{rel}","templated":true}]}}