{"id":69401,"date":"2025-03-20T00:14:44","date_gmt":"2025-03-19T22:14:44","guid":{"rendered":"https:\/\/orheifm.live\/index.php\/2025\/03\/20\/anamaria-gavrila-se-retrage-din-cursa-pentru-prezidentiale-in-favoarea-lui-george-simion\/"},"modified":"2025-03-20T00:14:44","modified_gmt":"2025-03-19T22:14:44","slug":"anamaria-gavrila-se-retrage-din-cursa-pentru-prezidentiale-in-favoarea-lui-george-simion","status":"publish","type":"post","link":"https:\/\/orheifm.live\/index.php\/2025\/03\/20\/anamaria-gavrila-se-retrage-din-cursa-pentru-prezidentiale-in-favoarea-lui-george-simion\/","title":{"rendered":"Anamaria Gavril\u0103 se retrage din cursa pentru preziden\u021biale \u00een favoarea lui George Simion"},"content":{"rendered":"<div>\n<p><strong>Pre\u0219edinta POT, Anamaria Gavril\u0103, a anun\u021bat c\u0103 \u00ee\u0219i retrage candidatura la alegerile preziden\u021biale din 4 mai \u0219i \u00eel sus\u021bine pe pre\u0219edintele AUR, George Simion.<\/strong><\/p>\n<p>\u201eDragi rom\u00e2ni, a trebuit s\u0103 lu\u0103m o decizie care s\u0103 dea toat\u0103 for\u0163a unuia dintre noi s\u0103 c\u00e2\u015ftige aceast\u0103 lupt\u0103 de restabilire a ordinii constitu\u0163ionale \u015fi justi\u0163iei \u00een Rom\u00e2nia. V-am spus de la bun \u00eenceput c\u0103 nu este nici despre orgolii personale, nici despre mine \u015fi nici despre George Simion, ci despre Rom\u00e2nia \u015fi despre a continua lupta pentru democra\u0163ie al\u0103turi de C\u0103lin Georgescu.<\/p>\n<p>Tocmai de aceea, pentru a d\u0103rui mi\u015fc\u0103rii suveraniste, sus\u0163inut\u0103 de rom\u00e2ni, cele mai multe \u015fanse am ales s\u0103 m\u0103 retrag din aceast\u0103 curs\u0103. Eu am f\u0103cut tot ce a depins de mine \u00een aceast\u0103 lupt\u0103 \u015fi am \u00eencredere \u00een decizia care a fost luat\u0103. V\u0103 rog s\u0103 ave\u0163i \u015fi voi \u00eencredere\u201d, a scris Anamaria Gavril\u0103 pe Facebook. Ea a mai spus c\u0103 \u00eentr-o campanie electoral\u0103 conteaz\u0103 mult resursele \u015fi fondurile de care dispune un partid.<\/p>\n<p>\u201ePOT \u015fi Anamaria Gavril\u0103 au f\u0103cut maximum posibil pentru ca rom\u00e2nii s\u0103 r\u0103m\u00e2n\u0103 uni\u0163i \u00een aceast\u0103 misiune. Rom\u00e2nii au ar\u0103tat c\u00e2t de fermi \u015fi deci\u015fi sunt \u00een lupta de a-\u015fi urma liderul \u015fi de a-\u015fi alege singuri pre\u015fedintele. Noi cei de la POT am asigurat certitudinea de a avea o a doua candidatur\u0103 care s\u0103 treac\u0103 prin filtrul CCR \u015fi BEC. Dragi rom\u00e2ni, aceast\u0103 misiune este despre noi to\u0163i \u015fi despre libertatea noastr\u0103. Doar uni\u0163i vom \u00eenvinge! R\u0103m\u00e2nem uni\u0163i, aceasta este puterea noastr\u0103!\u201d, a mai spus Gavril\u0103.<\/p>\n<p>\u201eMergem \u00eempreun\u0103! Nu este o candidatur\u0103 a mea, ci a mi\u0219c\u0103rii suveraniste\u201d, a spus \u0219i pre\u0219edintele AUR, George Simion.<\/p>\n<p>\u201eDucem mi\u0219carea suveranist\u0103 mai departe, continu\u0103m ce am \u00eenceput. Vom fi \u00een fiecare zi \u00eempreun\u0103 \u0219i vom fi \u00eempreun\u0103 cu voi, uni\u021bi \u00een con\u0219tiin\u021b\u0103, uni\u021bi \u00een cuget \u0219i simiri. Mergem p\u00e2n\u0103 la cap\u0103t. Nu este vorba despre o persoan\u0103, ci un principiu\u201d, a mai spus Simion, la Realitatea Plus. Potrivit unui comunicat AUR, \u201eGeorge Simion continu\u0103 lupta pentru revenirea la democra\u0163ie\u201d.<\/p>\n<p>\u201e\u00cei mul\u0163umim pre\u015fedintelui POT, Anamaria Gavril\u0103, pentru sprijinul \u015fi determinarea de a r\u0103m\u00e2ne uni\u0163i! \u00cempreun\u0103 continu\u0103m lupta pentru revenirea la normalitate. Lupt\u0103m cu hot\u0103r\u00e2re pentru a ob\u0163ine o victorie istoric\u0103 \u015fi pentru a face dreptate! Voin\u0163a poporului trebuie ascultat\u0103!\u201d, a se mai arat\u0103 \u00een comunicatul AUR.<\/p>\n<p><a href=\"https:\/\/www.digi24.ro\/alegeri-prezidentiale-2025\/anamaria-gavrila-se-retrage-din-cursa-pentru-prezidentiale-in-favoarea-lui-george-simion-3164395\"><strong>digi24.ro<\/strong><\/a><\/p>\n<\/div>\n","protected":false},"excerpt":{"rendered":"<div><img loading=\"lazy\" decoding=\"async\" width=\"696\" height=\"393\" src=\"https:\/\/canal5.md\/wp-content\/uploads\/2025\/03\/nzyzztq3zdy1ytlhmdqznju4yjyzzwuxnw.thumb_-optimized.jpg\" class=\"attachment-large size-large wp-post-image\" alt=\"\" srcset=\"https:\/\/canal5.md\/wp-content\/uploads\/2025\/03\/nzyzztq3zdy1ytlhmdqznju4yjyzzwuxnw.thumb_-optimized.jpg 780w, https:\/\/canal5.md\/wp-content\/uploads\/2025\/03\/nzyzztq3zdy1ytlhmdqznju4yjyzzwuxnw.thumb_-300x169-optimized.jpg 300w, https:\/\/canal5.md\/wp-content\/uploads\/2025\/03\/nzyzztq3zdy1ytlhmdqznju4yjyzzwuxnw.thumb_-768x433-optimized.jpg 768w, https:\/\/canal5.md\/wp-content\/uploads\/2025\/03\/nzyzztq3zdy1ytlhmdqznju4yjyzzwuxnw.thumb_-696x393-optimized.jpg 696w\">Pre\u0219edinta POT, Anamaria Gavril\u0103, a anun\u021bat c\u0103 \u00ee\u0219i retrage candidatura la alegerile preziden\u021biale din 4 mai \u0219i \u00eel sus\u021bine pe pre\u0219edintele AUR, George Simion. \u201eDragi rom\u00e2ni, a trebuit s\u0103 lu\u0103m o decizie care s\u0103 dea toat\u0103 for\u0163a unuia dintre noi s\u0103 c\u00e2\u015ftige aceast\u0103 lupt\u0103 de restabilire a ordinii constitu\u0163ionale \u015fi justi\u0163iei \u00een Rom\u00e2nia. V-am spus [\u2026]<\/div>\n","protected":false},"author":1,"featured_media":69402,"comment_status":"closed","ping_status":"closed","sticky":false,"template":"","format":"standard","meta":{"jnews-multi-image_gallery":[],"jnews_single_post":[],"jnews_primary_category":[],"jnews_social_meta":[],"jnews_override_counter":[],"footnotes":""},"categories":[29],"tags":[],"class_list":["post-69401","post","type-post","status-publish","format-standard","has-post-thumbnail","hentry","category-externe_ro"],"_links":{"self":[{"href":"https:\/\/orheifm.live\/index.php\/wp-json\/wp\/v2\/posts\/69401","targetHints":{"allow":["GET"]}}],"collection":[{"href":"https:\/\/orheifm.live\/index.php\/wp-json\/wp\/v2\/posts"}],"about":[{"href":"https:\/\/orheifm.live\/index.php\/wp-json\/wp\/v2\/types\/post"}],"author":[{"embeddable":true,"href":"https:\/\/orheifm.live\/index.php\/wp-json\/wp\/v2\/users\/1"}],"replies":[{"embeddable":true,"href":"https:\/\/orheifm.live\/index.php\/wp-json\/wp\/v2\/comments?post=69401"}],"version-history":[{"count":0,"href":"https:\/\/orheifm.live\/index.php\/wp-json\/wp\/v2\/posts\/69401\/revisions"}],"wp:featuredmedia":[{"embeddable":true,"href":"https:\/\/orheifm.live\/index.php\/wp-json\/wp\/v2\/media\/69402"}],"wp:attachment":[{"href":"https:\/\/orheifm.live\/index.php\/wp-json\/wp\/v2\/media?parent=69401"}],"wp:term":[{"taxonomy":"category","embeddable":true,"href":"https:\/\/orheifm.live\/index.php\/wp-json\/wp\/v2\/categories?post=69401"},{"taxonomy":"post_tag","embeddable":true,"href":"https:\/\/orheifm.live\/index.php\/wp-json\/wp\/v2\/tags?post=69401"}],"curies":[{"name":"wp","href":"https:\/\/api.w.org\/{rel}","templated":true}]}}