{"id":69393,"date":"2025-03-19T21:37:52","date_gmt":"2025-03-19T19:37:52","guid":{"rendered":"https:\/\/orheifm.live\/index.php\/2025\/03\/19\/ala-nemerenco-nu-stie-de-ce-minora-cazuta-de-la-etaj-a-ramas-fara-supraveghere-medicala-video\/"},"modified":"2025-03-19T21:37:52","modified_gmt":"2025-03-19T19:37:52","slug":"ala-nemerenco-nu-stie-de-ce-minora-cazuta-de-la-etaj-a-ramas-fara-supraveghere-medicala-video","status":"publish","type":"post","link":"https:\/\/orheifm.live\/index.php\/2025\/03\/19\/ala-nemerenco-nu-stie-de-ce-minora-cazuta-de-la-etaj-a-ramas-fara-supraveghere-medicala-video\/","title":{"rendered":"Ala Nemerenco nu \u0219tie de ce minora c\u0103zut\u0103 de la etaj a r\u0103mas f\u0103r\u0103 supraveghere medical\u0103 |VIDEO"},"content":{"rendered":"<div>\n<p><strong>\u00a0Minora de 16 ani, internat\u0103 la Institutul Mamei \u0219i Copilului, care ar fi c\u0103zut de la \u00een\u0103l\u021bime, a fost supus\u0103 ast\u0103zi unei interven\u021bii neurochirurgicale, av\u00e2nd fracturi la dou\u0103 vertebre toracice. Despre asta a anun\u021bat ministra S\u0103n\u0103t\u0103\u021bii. <\/strong><br \/>\n<iframe loading=\"lazy\" title=\"YouTube video player\" src=\"https:\/\/www.youtube.com\/embed\/PYBp-iio10I?si=L5sDr5wtSYw3TqgY\" width=\"560\" height=\"315\" frameborder=\"0\" allowfullscreen=\"allowfullscreen\"><\/iframe><br \/>\nPotrivit Alei Nemerenco, adolescenta era internat\u0103 \u00een sec\u021bia de neurologie \u0219i necesita o supraveghere mai mare dec\u00e2t al\u021bi pacien\u021bi. Totu\u0219i, Nemerenco nu cunoa\u0219te cum un copil cu necesit\u0103\u021bi de supravegere sporit\u0103 a fost l\u0103sat f\u0103r\u0103 aten\u021bie \u00een incinta institu\u021biei medicale.<\/p>\n<p>Potrivit ministrului, adolescenta suferea de afec\u021biuni neurologice, respectiv, era internat\u0103 \u00een sec\u021bia de neurologie Institutului Mamei \u0219i Copilului \u0219i avea nevoie de o aten\u021bie sporit\u0103. Nu se \u0219tie \u00eens\u0103 de ce copilul a r\u0103mas f\u0103r\u0103 supraveghere chiar \u00een incinta spitalului unde ar fi trebuit s\u0103 i se acorde asisten\u021ba corespunz\u0103toare.<\/p>\n<p>ALA NEMERENCO, ministrul S\u0103n\u0103t\u0103\u021bii<\/p>\n<p>Am cerut explica\u021bii vizavi de faptul de ce un copil cu un diagnostic destul de complicat, de fapt, cumva a r\u0103mas f\u0103r\u0103 supraveghere \u0219i eu cred c\u0103 vor urma sanc\u021biuni, sunt sigur\u0103 de aceasta.<\/p>\n<p>Pentru feti\u021b\u0103 a fost organizat un consiliu interdisciplinar, \u00een care au participat cardiologi, neurochirurgi, pediatri, profesori. Feti\u021ba deja este ast\u0103zi \u00een opera\u021bie, at\u00e2t timp c\u00e2t am fost la \u0219edin\u021ba de Guvern, a intrat deja \u00een opera\u021bie neurochirurgical\u0103, deoarece este o fractur\u0103 mic\u0103 la dou\u0103 vertebre \u00een regiunea toracic\u0103, restul sunt contuzii, este con\u0219tient\u0103. Se discut\u0103 c\u0103 ar fi c\u0103zut de la etajul 5, \u00eens\u0103 traumele ar fi fost mult mai mari.<\/p>\n<p>Ofi\u021berul de pres\u0103 al poli\u021biei capitalei, Natalia Stati a confirmat pentru Canal 5 c\u0103 responsabilii de la spital nu au raportat imediat cazul , iar oamenii legii au aflat din pres\u0103 despre incident.<\/p>\n<p>\u201dLa 17 martie, \u00een urma apari\u021biei \u00een mediul online despre fatul c\u0103 la o institu\u021bie medical\u0103 ar fi c\u0103zut o minora, IP Botanica s-a autosesizat. Pe caz a fost ini\u021biat\u0103 o anchet\u0103, \u00een cadrul c\u0103reia angaja\u021bii poli\u021biei stabilesc toate circumstan\u021bele\u201d, a preacizat aceasta.<\/p>\n<p>Am solicitat un comentariu \u0219i de la Institutul Mamei \u0219i Copilului, inclusiv am \u00eentrebat dac\u0103 nu cumva s-a \u00eencercat mu\u0219amalizarea acestui caz, dar purt\u0103torul de cuv\u00e2nt, Maxim Cazacu ne-a spus c\u0103 urmeaz\u0103 s\u0103 fie emis un comunicat la acest subiect.<\/p>\n<p>De la \u00eenceputul acestui an, societatea a tot fost cutremurat\u0103 de mai multe cazuri care pun la \u00eendoial\u0103 buna func\u021bionare \u0219i a sistemului de s\u0103n\u0103tate. Deocamdat\u0103 \u00eens\u0103 nimeni nu a fost suspendat din func\u021bie sau atras la r\u0103spundere.<\/p>\n<p>Dou\u0103 femei \u00eens\u0103rcinate au decedat \u2013 una acas\u0103 a\u0219tept\u00e2nd ambulan\u021ba, iar alta la spital, un nou-n\u0103scut \u0219i-a pierdut via\u021ba la spital la doar dou\u0103 s\u0103pt\u0103m\u00e2ni de la na\u0219tere, iar femeia de afaceri Liuba Babu\u021bchi s-a stins \u00een timpul unei opera\u021bii estetice efectuate clandestin, \u00eentr-o frizerie. \u00centrebat\u0103 de pres\u0103 dac\u0103 i\u0219i va da demisia dup\u0103 aceste tragedii, Ala Nemerenco a refuzat s\u0103 r\u0103spund\u0103.<\/p>\n<\/div>\n","protected":false},"excerpt":{"rendered":"<div><img loading=\"lazy\" decoding=\"async\" width=\"696\" height=\"392\" src=\"https:\/\/canal5.md\/wp-content\/uploads\/2023\/12\/Ala-Nemerenco-1-1024x576-optimized.webp\" class=\"attachment-large size-large wp-post-image\" alt=\"\" srcset=\"https:\/\/canal5.md\/wp-content\/uploads\/2023\/12\/Ala-Nemerenco-1-1024x576-optimized.webp 1024w, https:\/\/canal5.md\/wp-content\/uploads\/2023\/12\/Ala-Nemerenco-1-300x169-optimized.webp 300w, https:\/\/canal5.md\/wp-content\/uploads\/2023\/12\/Ala-Nemerenco-1-768x432-optimized.webp 768w, https:\/\/canal5.md\/wp-content\/uploads\/2023\/12\/Ala-Nemerenco-1-1536x864-optimized.webp 1536w, https:\/\/canal5.md\/wp-content\/uploads\/2023\/12\/Ala-Nemerenco-1-696x392-optimized.webp 696w, https:\/\/canal5.md\/wp-content\/uploads\/2023\/12\/Ala-Nemerenco-1-1068x601-optimized.webp 1068w, https:\/\/canal5.md\/wp-content\/uploads\/2023\/12\/Ala-Nemerenco-1-jpg-optimized.webp 1920w\">\u00a0Minora de 16 ani, internat\u0103 la Institutul Mamei \u0219i Copilului, care ar fi c\u0103zut de la \u00een\u0103l\u021bime, a fost supus\u0103 ast\u0103zi unei interven\u021bii neurochirurgicale, av\u00e2nd fracturi la dou\u0103 vertebre toracice. Despre asta a anun\u021bat ministra S\u0103n\u0103t\u0103\u021bii. Potrivit Alei Nemerenco, adolescenta era internat\u0103 \u00een sec\u021bia de neurologie \u0219i necesita o supraveghere mai mare dec\u00e2t al\u021bi pacien\u021bi. [\u2026]<\/div>\n","protected":false},"author":1,"featured_media":69394,"comment_status":"closed","ping_status":"closed","sticky":false,"template":"","format":"standard","meta":{"jnews-multi-image_gallery":[],"jnews_single_post":[],"jnews_primary_category":[],"jnews_social_meta":[],"jnews_override_counter":[],"footnotes":""},"categories":[30],"tags":[],"class_list":["post-69393","post","type-post","status-publish","format-standard","has-post-thumbnail","hentry","category-social_ro"],"_links":{"self":[{"href":"https:\/\/orheifm.live\/index.php\/wp-json\/wp\/v2\/posts\/69393","targetHints":{"allow":["GET"]}}],"collection":[{"href":"https:\/\/orheifm.live\/index.php\/wp-json\/wp\/v2\/posts"}],"about":[{"href":"https:\/\/orheifm.live\/index.php\/wp-json\/wp\/v2\/types\/post"}],"author":[{"embeddable":true,"href":"https:\/\/orheifm.live\/index.php\/wp-json\/wp\/v2\/users\/1"}],"replies":[{"embeddable":true,"href":"https:\/\/orheifm.live\/index.php\/wp-json\/wp\/v2\/comments?post=69393"}],"version-history":[{"count":0,"href":"https:\/\/orheifm.live\/index.php\/wp-json\/wp\/v2\/posts\/69393\/revisions"}],"wp:featuredmedia":[{"embeddable":true,"href":"https:\/\/orheifm.live\/index.php\/wp-json\/wp\/v2\/media\/69394"}],"wp:attachment":[{"href":"https:\/\/orheifm.live\/index.php\/wp-json\/wp\/v2\/media?parent=69393"}],"wp:term":[{"taxonomy":"category","embeddable":true,"href":"https:\/\/orheifm.live\/index.php\/wp-json\/wp\/v2\/categories?post=69393"},{"taxonomy":"post_tag","embeddable":true,"href":"https:\/\/orheifm.live\/index.php\/wp-json\/wp\/v2\/tags?post=69393"}],"curies":[{"name":"wp","href":"https:\/\/api.w.org\/{rel}","templated":true}]}}