{"id":69389,"date":"2025-03-19T21:37:15","date_gmt":"2025-03-19T19:37:15","guid":{"rendered":"https:\/\/orheifm.live\/index.php\/2025\/03\/19\/vasile-bolea-se-vede-clar-ca-acest-caz-este-fabricat-sentinta-lui-nesterovschi-va-fi-contestata-video\/"},"modified":"2025-03-19T21:37:15","modified_gmt":"2025-03-19T19:37:15","slug":"vasile-bolea-se-vede-clar-ca-acest-caz-este-fabricat-sentinta-lui-nesterovschi-va-fi-contestata-video","status":"publish","type":"post","link":"https:\/\/orheifm.live\/index.php\/2025\/03\/19\/vasile-bolea-se-vede-clar-ca-acest-caz-este-fabricat-sentinta-lui-nesterovschi-va-fi-contestata-video\/","title":{"rendered":"Vasile Bolea: \u201eSe vede clar c\u0103 acest caz este fabricat\u201d \u2013 Sentin\u021ba lui Nesterovschi va fi contestat\u0103 |VIDEO"},"content":{"rendered":"<div>\n<p><strong>\u201dSe vede clar c\u0103 acest caz este fabricat\u201d. O spune liderul grupului parlamentar \u201eVictorie\u201d, Vasile Bolea, cu privire la verdictul dictat lui Alexandr Nesterovschi. Bolea care este \u0219i jurist afirm\u0103 c\u0103 sentin\u021ba a fost o mare surpriz\u0103, av\u00e2nd \u00een vedere c\u0103, de obicei, judec\u0103torii tind s\u0103 urmeze cerin\u021bele procurorilor, care au cerut un termen mai mic de deten\u021bie. <\/strong><\/p>\n<p>Deputatul a ad\u0103ugat c\u0103 vrea s\u0103 vad\u0103 partea motivant\u0103 a hot\u0103r\u00e2rii instan\u021bei pentru a \u00een\u021belege mai bine motivele care au dus la aceast\u0103 decizie.<\/p>\n<p>Deputatul a subliniat c\u0103, indiferent de rezultat, procesul continu\u0103 \u0219i se a\u0219teapt\u0103 ca \u00een zilele urm\u0103toare s\u0103 se clarifice motivul din spatele acestei decizii. \u201eSunt sigur c\u0103, \u00een<br \/>\ncele din urm\u0103, vom cunoa\u0219te adev\u0103rul\u201d, a concluzionat Vasile Bolea.<\/p>\n<p>VASILE BOLEA, pre\u0219edintele grupului parlamentar \u201eVictorie\u201d<\/p>\n<p>\u2013 Desigur, a\u0219 vrea s\u0103 v\u0103d partea motivat\u0103 a acestei sentin\u021be. Cred c\u0103 avoca\u021bii, \u00een urm\u0103toarele 15 zile, vor face tot posibilul pentru a studia sentin\u021ba \u0219i pentru a o contesta \u00een instan\u021ba de apel. Vom vedea, dup\u0103 ce vom analiza aceast\u0103 sentin\u021b\u0103, ce a avut \u00een vedere instan\u021ba atunci c\u00e2nd a luat o astfel de decizie.<\/p>\n<p>\u0218i la ce s-a referit. Dac\u0103 privim la fapt, \u00een esen\u021b\u0103, afirma\u021biile sau presupunerile din partea unei singure persoane care stau la baza unei sentin\u021be de 12 ani \u00eempotriva unui deputat, cred c\u0103 este exagerat. \u0218i se vede clar c\u0103 acest caz este fabricat.<\/p>\n<\/div>\n","protected":false},"excerpt":{"rendered":"<div><img decoding=\"async\" width=\"550\" height=\"412\" src=\"https:\/\/canal5.md\/wp-content\/uploads\/2025\/03\/i-9-optimized.webp\" class=\"attachment-large size-large wp-post-image\" alt=\"\" loading=\"lazy\" srcset=\"https:\/\/canal5.md\/wp-content\/uploads\/2025\/03\/i-9-optimized.webp 550w, https:\/\/canal5.md\/wp-content\/uploads\/2025\/03\/i-9-300x225-optimized.webp 300w\">\u201dSe vede clar c\u0103 acest caz este fabricat\u201d. O spune liderul grupului parlamentar \u201eVictorie\u201d, Vasile Bolea, cu privire la verdictul dictat lui Alexandr Nesterovschi. Bolea care este \u0219i jurist afirm\u0103 c\u0103 sentin\u021ba a fost o mare surpriz\u0103, av\u00e2nd \u00een vedere c\u0103, de obicei, judec\u0103torii tind s\u0103 urmeze cerin\u021bele procurorilor, care au cerut un termen mai [\u2026]<\/div>\n","protected":false},"author":1,"featured_media":69390,"comment_status":"closed","ping_status":"closed","sticky":false,"template":"","format":"standard","meta":{"jnews-multi-image_gallery":[],"jnews_single_post":[],"jnews_primary_category":[],"jnews_social_meta":[],"jnews_override_counter":[],"footnotes":""},"categories":[23],"tags":[],"class_list":["post-69389","post","type-post","status-publish","format-standard","has-post-thumbnail","hentry","category-politica_ro"],"_links":{"self":[{"href":"https:\/\/orheifm.live\/index.php\/wp-json\/wp\/v2\/posts\/69389","targetHints":{"allow":["GET"]}}],"collection":[{"href":"https:\/\/orheifm.live\/index.php\/wp-json\/wp\/v2\/posts"}],"about":[{"href":"https:\/\/orheifm.live\/index.php\/wp-json\/wp\/v2\/types\/post"}],"author":[{"embeddable":true,"href":"https:\/\/orheifm.live\/index.php\/wp-json\/wp\/v2\/users\/1"}],"replies":[{"embeddable":true,"href":"https:\/\/orheifm.live\/index.php\/wp-json\/wp\/v2\/comments?post=69389"}],"version-history":[{"count":0,"href":"https:\/\/orheifm.live\/index.php\/wp-json\/wp\/v2\/posts\/69389\/revisions"}],"wp:featuredmedia":[{"embeddable":true,"href":"https:\/\/orheifm.live\/index.php\/wp-json\/wp\/v2\/media\/69390"}],"wp:attachment":[{"href":"https:\/\/orheifm.live\/index.php\/wp-json\/wp\/v2\/media?parent=69389"}],"wp:term":[{"taxonomy":"category","embeddable":true,"href":"https:\/\/orheifm.live\/index.php\/wp-json\/wp\/v2\/categories?post=69389"},{"taxonomy":"post_tag","embeddable":true,"href":"https:\/\/orheifm.live\/index.php\/wp-json\/wp\/v2\/tags?post=69389"}],"curies":[{"name":"wp","href":"https:\/\/api.w.org\/{rel}","templated":true}]}}