{"id":69387,"date":"2025-03-19T21:34:18","date_gmt":"2025-03-19T19:34:18","guid":{"rendered":"https:\/\/orheifm.live\/index.php\/2025\/03\/19\/blocul-victorie-a-organizat-actiunea-lumanarea-memoriei-la-soroca-marcand-81-de-ani-de-la-eliberarea-orasului-de-sub-ocupatia-fascista-video\/"},"modified":"2025-03-19T21:34:18","modified_gmt":"2025-03-19T19:34:18","slug":"blocul-victorie-a-organizat-actiunea-lumanarea-memoriei-la-soroca-marcand-81-de-ani-de-la-eliberarea-orasului-de-sub-ocupatia-fascista-video","status":"publish","type":"post","link":"https:\/\/orheifm.live\/index.php\/2025\/03\/19\/blocul-victorie-a-organizat-actiunea-lumanarea-memoriei-la-soroca-marcand-81-de-ani-de-la-eliberarea-orasului-de-sub-ocupatia-fascista-video\/","title":{"rendered":"Blocul \u201eVictorie\u201d a organizat ac\u021biunea \u201eLum\u00e2narea Memoriei\u201d la Soroca, marc\u00e2nd 81 de ani de la eliberarea ora\u0219ului de sub ocupa\u021bia fascist\u0103 |VIDEO"},"content":{"rendered":"<div>\n<p><strong>Cu ocazia anivers\u0103rii a 81 de ani de la eliberarea ora\u0219ului Soroca de sub ocupa\u021bia fascist\u0103, activi\u0219tii \u0219i sus\u021bin\u0103torii blocului politic \u201eVictorie\u201d au organizat o serie de evenimente comemorative. Unul dintre acestea a fost ac\u021biunea \u201eLum\u00e2narea Memoriei\u201d. <\/strong><br \/>\n<iframe loading=\"lazy\" title=\"YouTube video player\" src=\"https:\/\/www.youtube.com\/embed\/3G8EbrwKd7o?si=e8BdIW6RmH5mpCUS\" width=\"560\" height=\"315\" frameborder=\"0\" allowfullscreen=\"allowfullscreen\"><\/iframe><br \/>\n\u00cen cadrul acestui eveniment, organizatorii au creat, din lum\u00e2n\u0103ri cuv\u00e2ntul \u201eVictorie\u201d, precum \u0219i data de 18.03.1944, marc\u00e2nd \u00een a\u0219a fel eliberarea ora\u0219ului \u0219i omagiind sacrificiile celor care au luptat pentru libertatea acestei regiuni.<\/p>\n<p>Cei prezen\u021bi au subliniat c\u0103 prin astfel de evenimente \u00ee\u0219i doresc s\u0103 cinsteasc\u0103 memoria eroilor care au adus pacea pe p\u0103m\u00e2nt \u0219i au contribuit la eliberarea \u021b\u0103rii de sub jugul fascist.<\/p>\n<p>Ac\u021biunea \u201eLum\u00e2narea Memoriei\u201d, organizat\u0103 la Soroca de activi\u0219tii \u0219i sus\u021bin\u0103torii blocului politic \u201eVictorie\u201d, a \u00eenceput cu aranjarea a zeci de lum\u00e2n\u0103ri, amplasate astfel \u00eenc\u00e2t s\u0103 formeze cuv\u00e2ntul \u201eVictorie\u201d \u0219i data de 18.03.1944 \u2013 ziua \u00een care trupele sovietice au traversat r\u00e2ul Nistru, eliber\u00e2nd ora\u0219ul de sub ocupa\u021bia fascist\u0103, acesta fiind \u0219i primul ora\u0219 de pe teritoriul Republicii Moldovene\u0219ti eliberat.<\/p>\n<p>Organizatorii evenimentului au subliniat c\u0103 prin astfel de ac\u021biuni doresc s\u0103 transmit\u0103 tinerelor genera\u021bii c\u00e2t de important este s\u0103 nu d\u0103m uit\u0103rii sacrificiile celor care \u0219i-au dat via\u021ba pentru a aduce pacea pe p\u0103m\u00e2nt.<\/p>\n<p>IURII VITNEANSCHI, activist al blocului \u201eVictorie\u201d<\/p>\n<p>Evenimentele de ast\u0103zi din Soroca sunt primele ac\u021biuni din programul nostru amplu de celebrare a 80 de ani de la eliberarea Moldovei \u0219i a ora\u0219elor de ocupan\u021bii fasci\u0219ti.<\/p>\n<p>Planific\u0103m ca, p\u00e2n\u0103 pe 9 mai, s\u0103 organiz\u0103m sute de astfel de evenimente. Pentru noi acest lucru e foarte important acum, c\u00e2nd actuala guvernare \u00eencearc\u0103 s\u0103 denatureze istoria.<\/p>\n<p>De aceea, noi din genera\u021bie \u00een genera\u021bie, prin astfel de evenimente \u00eencerc\u0103m s\u0103 ne amintim de eroii \u0219i de solda\u021bii celui de-al Doilea R\u0103zboi Mondial, care \u0219i-au ap\u0103rat Patria \u0219i c\u0103rora trebuie s\u0103 le mul\u021bumim pentru cerul senin deasupra capului.<\/p>\n<p>IURII TODEREAN, activist al blocului \u201dVictorie\u201d<\/p>\n<p>Simbolul lum\u00e2n\u0103rii de ast\u0103zi este memoria celor care au luptat cu m\u00e2ndrie \u0219i\u00a0 cu speran\u021ba c\u0103 nu vor fi uita\u021bi. \u0218i acest lucru ni s-a transmis nou\u0103, tinerelor genera\u021bii, care ast\u0103zi \u00ee\u0219i amintesc ce au f\u0103cut trupele sovietice \u0219i cum, \u00een aceast\u0103 zi, ne aducem aminte de ele, pe parcursul a 30 de ani.<\/p>\n<p>Autorit\u0103\u021bile de ast\u0103zi sunt, \u00een principiu, oameni care au crescut, au \u00eenv\u0103\u021bat \u0219i au tr\u0103it aici. P\u0103rin\u021bii lor sunt aici \u0219i ei calc\u0103 \u00een picioare toate amintirile despre predecesorii lor, iar ast\u0103zi ei \u00een\u021beleg c\u0103 aceasta nu este adev\u0103rul.<\/p>\n<p>Adev\u0103rul a fost \u00eentotdeauna \u00een acele c\u0103r\u021bi de istorie pe care le-am studiat \u00een perioada sovietic\u0103. Iar ceea ce ni se pred\u0103 ast\u0103zi sau cei care vor s\u0103 ne schimbe \u00een istorie sunt doar oameni pl\u0103ti\u021bi.<\/p>\n<p>\u00cen cadrul ac\u021biunii, membrii aripei tinere a Blocului \u201eVictorie\u201d, \u00eembr\u0103ca\u021bi \u00een uniforme militare, au dansat pe ritmurile \u201eValsului Victoriei\u201d, un gest plin de respect \u0219i admira\u021bie pentru cei care au luptat pentru ca noi s\u0103 tr\u0103im \u00een pace ast\u0103zi.<\/p>\n<p>TIGRAN ACUM\u021a, membru al aripei tinere a Blocului \u201eVictorie\u201d<\/p>\n<p>Ast\u0103zi s\u0103rb\u0103torim ziua \u00een care a fost eliberat\u0103 Soroca \u2013 18 martie. Cum vede\u021bi, am aranjat lum\u00e2n\u0103ri \u00een memoria oamenilor care au eliberat ora\u0219ul.<\/p>\n<p>AGNESA CRIVOPISC, membru al aripei tinere a Blocului \u201eVictorie\u201d<\/p>\n<p>Exact 81 de ani \u00een urm\u0103 a fost eliberat ora\u0219ul Soroca \u0219i noi am venit s\u0103 re\u00eenviem tradi\u021bia, pe care ar trebui \u00een fiecare an s\u0103 o transmitem genera\u021biei tinere pentru a o p\u0103stra. Mul\u021bumim tuturor pentru victorie, mul\u021bumim eroilor.<\/p>\n<p>Oamenii din satul Cos\u0103u\u021bi, raionul Soroca, consider\u0103 c\u0103 ziua de 18 martie este una foarte important\u0103, pe care ar trebui s\u0103 o comemoreze fiecare cet\u0103\u021bean din raion.<\/p>\n<p>Ace\u0219tia subliniaz\u0103 \u00eens\u0103 c\u0103 este regretabil faptul c\u0103 actuala guvernare \u00eencearc\u0103 s\u0103 discrediteze semnifica\u021bia acestei zile \u0219i c\u0103 nu mai sunt organizate evenimente, a\u0219a cum se \u00eent\u00e2mpla \u00een trecut.<\/p>\n<p>Ei amintesc c\u0103, datorit\u0103 armatei sovietice, vitejiei \u0219i curajului solda\u021bilor, am fost elibera\u021bi de sub ocupa\u021bia fascist\u0103, pun\u00e2nd astfel cap\u0103t unui jug care a durat patru ani.<\/p>\n<p>Cei b\u0103tr\u00e2ni au plecat, cei tineri au r\u0103mas, dar au pu\u021bin interes pentru a\u0219a ceva, deja r\u0103m\u00e2ne \u00eentrebarea pentru conducere, c\u0103 ea r\u0103spunde de a\u0219a \u00eentreb\u0103ri.<\/p>\n<p>\u00cenainte era frumos, ne adunam to\u021bi, cu stegule\u021be, era tare frumos.<\/p>\n<p>Aici ei sunt gre\u0219i\u021bi nu trebuie s\u0103 vorbeasc\u0103 c\u0103 ru\u0219ii au fost ocupan\u021bi, ru\u0219ii ne-au eliberat, dar nu ne-au ocupat.<\/p>\n<p>Pe vremea sovietic\u0103 da, se organizau, dar acum au uitat.<\/p>\n<p>\u2013 Dar cum s\u0103rb\u0103torea\u021bi?<\/p>\n<p>\u2013 Evenimente, parad\u0103, era totul cum trebuie, dar acum guvernarea a uitat \u0219i de veterani, \u0219i de tot.<\/p>\n<p>\u2013 De ce?<\/p>\n<p>\u2013 Conducerea se schimb\u0103 \u0219i oamenii se schimb\u0103.<\/p>\n<p>Au uitat cine i-a eliberat, cine i-a ap\u0103rat.<\/p>\n<p>Pe noi cine ne-a eliberat? Ru\u0219ii, \u00eentotdeauna spun asta.<\/p>\n<p>Amintim c\u0103, \u00een februarie, deputa\u021bii grupului parlamentar \u201eVictorie\u201d au cerut Parlamentului s\u0103 organizeze o s\u0103rb\u0103toare de amploare pentru a marca 80 de ani de la Victorie, \u00eenregistr\u00e2nd o ini\u021biativ\u0103 legislativ\u0103 \u00een acest sens.<\/p>\n<p>Totu\u0219i, majoritatea parlamentar\u0103 PAS nu a sus\u021binut aceast\u0103 propunere. Ulterior, Comitetul Executiv al G\u0103g\u0103uziei a decis s\u0103 declare anul 2025 \u2013 Anul comemor\u0103rii a 80 de ani de la Victorie \u00een Marele R\u0103zboi pentru Ap\u0103rarea Patriei \u0219i a planificat organizarea unui \u0219ir de evenimente educa\u021bionale, culturale \u0219i \u0219tiin\u021bifice dedicate acestei date semnificative.<\/p>\n<\/div>\n","protected":false},"excerpt":{"rendered":"<div><img loading=\"lazy\" decoding=\"async\" width=\"696\" height=\"383\" src=\"https:\/\/canal5.md\/wp-content\/uploads\/2025\/03\/photo_2025-03-19_21-10-21-1024x563-optimized.jpg\" class=\"attachment-large size-large wp-post-image\" alt=\"\" srcset=\"https:\/\/canal5.md\/wp-content\/uploads\/2025\/03\/photo_2025-03-19_21-10-21-1024x563-optimized.jpg 1024w, https:\/\/canal5.md\/wp-content\/uploads\/2025\/03\/photo_2025-03-19_21-10-21-300x165-optimized.jpg 300w, https:\/\/canal5.md\/wp-content\/uploads\/2025\/03\/photo_2025-03-19_21-10-21-768x422-optimized.jpg 768w, https:\/\/canal5.md\/wp-content\/uploads\/2025\/03\/photo_2025-03-19_21-10-21-696x383-optimized.jpg 696w, https:\/\/canal5.md\/wp-content\/uploads\/2025\/03\/photo_2025-03-19_21-10-21-1068x587-optimized.jpg 1068w, https:\/\/canal5.md\/wp-content\/uploads\/2025\/03\/photo_2025-03-19_21-10-21-optimized.jpg 1170w\">Cu ocazia anivers\u0103rii a 81 de ani de la eliberarea ora\u0219ului Soroca de sub ocupa\u021bia fascist\u0103, activi\u0219tii \u0219i sus\u021bin\u0103torii blocului politic \u201eVictorie\u201d au organizat o serie de evenimente comemorative. Unul dintre acestea a fost ac\u021biunea \u201eLum\u00e2narea Memoriei\u201d. \u00cen cadrul acestui eveniment, organizatorii au creat, din lum\u00e2n\u0103ri cuv\u00e2ntul \u201eVictorie\u201d, precum \u0219i data de 18.03.1944, marc\u00e2nd \u00een [\u2026]<\/div>\n","protected":false},"author":1,"featured_media":69388,"comment_status":"closed","ping_status":"closed","sticky":false,"template":"","format":"standard","meta":{"jnews-multi-image_gallery":[],"jnews_single_post":[],"jnews_primary_category":[],"jnews_social_meta":[],"jnews_override_counter":[],"footnotes":""},"categories":[30],"tags":[],"class_list":["post-69387","post","type-post","status-publish","format-standard","has-post-thumbnail","hentry","category-social_ro"],"_links":{"self":[{"href":"https:\/\/orheifm.live\/index.php\/wp-json\/wp\/v2\/posts\/69387","targetHints":{"allow":["GET"]}}],"collection":[{"href":"https:\/\/orheifm.live\/index.php\/wp-json\/wp\/v2\/posts"}],"about":[{"href":"https:\/\/orheifm.live\/index.php\/wp-json\/wp\/v2\/types\/post"}],"author":[{"embeddable":true,"href":"https:\/\/orheifm.live\/index.php\/wp-json\/wp\/v2\/users\/1"}],"replies":[{"embeddable":true,"href":"https:\/\/orheifm.live\/index.php\/wp-json\/wp\/v2\/comments?post=69387"}],"version-history":[{"count":0,"href":"https:\/\/orheifm.live\/index.php\/wp-json\/wp\/v2\/posts\/69387\/revisions"}],"wp:featuredmedia":[{"embeddable":true,"href":"https:\/\/orheifm.live\/index.php\/wp-json\/wp\/v2\/media\/69388"}],"wp:attachment":[{"href":"https:\/\/orheifm.live\/index.php\/wp-json\/wp\/v2\/media?parent=69387"}],"wp:term":[{"taxonomy":"category","embeddable":true,"href":"https:\/\/orheifm.live\/index.php\/wp-json\/wp\/v2\/categories?post=69387"},{"taxonomy":"post_tag","embeddable":true,"href":"https:\/\/orheifm.live\/index.php\/wp-json\/wp\/v2\/tags?post=69387"}],"curies":[{"name":"wp","href":"https:\/\/api.w.org\/{rel}","templated":true}]}}