{"id":69385,"date":"2025-03-19T21:29:38","date_gmt":"2025-03-19T19:29:38","guid":{"rendered":"https:\/\/orheifm.live\/index.php\/2025\/03\/19\/dublu-standard-ani-refuza-verificarea-lui-cernauteanu-in-timp-ce-nesterovschi-este-condamnat-video\/"},"modified":"2025-03-19T21:29:38","modified_gmt":"2025-03-19T19:29:38","slug":"dublu-standard-ani-refuza-verificarea-lui-cernauteanu-in-timp-ce-nesterovschi-este-condamnat-video","status":"publish","type":"post","link":"https:\/\/orheifm.live\/index.php\/2025\/03\/19\/dublu-standard-ani-refuza-verificarea-lui-cernauteanu-in-timp-ce-nesterovschi-este-condamnat-video\/","title":{"rendered":"Dublu standard? ANI refuz\u0103 verificarea lui Cern\u0103u\u021beanu, \u00een timp ce Nesterovschi este condamnat |VIDEO"},"content":{"rendered":"<div>\n<p><strong>\u0218i dac\u0103 deputatul din opozi\u021bie Alexandr Nesterovschi a fost condamnat, iat\u0103 c\u0103 principalul poli\u021bist al \u021b\u0103rii, sus\u021bin\u0103tor al partidului de guvern\u0103m\u00e2nt PAS, Viorel Cernau\u021beanu, nu va fi atins de institu\u021biile statului. <\/strong><br \/>\n<iframe loading=\"lazy\" title=\"YouTube video player\" src=\"https:\/\/www.youtube.com\/embed\/WtV8kyuST90?si=k4nivF-2SQoQhVMM\" width=\"560\" height=\"315\" frameborder=\"0\" allowfullscreen=\"allowfullscreen\"><\/iframe><br \/>\nAutoritatea Na\u021bional\u0103 de Integritate a refuzat ini\u021bierea unui control privind un posibil conflict de interese \u00een cazul \u0219eful Inspectoratului General al Poli\u021biei.<\/p>\n<p>\u00centr-un proces verbal ini\u021biat de c\u0103tre inspectorul Vitalie Pogribnoi se men\u021bioneaz\u0103 c\u0103 nu exist\u0103 suficiente temeiuri pentru a declan\u0219a verific\u0103ri oficiale \u00een privin\u021ba acestuia.<\/p>\n<p>Sesizarea ini\u021bial\u0103 viza suspiciuni legate de numirea \u00een func\u021bie a unei persoane apropiate lui Cern\u0103u\u021beanu \u00een cadrul Ministerului Afacerilor Interne. Preciz\u0103m c\u0103, anterior, \u00een spa\u021biul public au ap\u0103rut informa\u021bii precum c\u0103 Viorel Cern\u0103u\u021beanu \u0219i- ar fi angajat socrul \u00een cadrul IGP.<\/p>\n<p>\u0218eful inspectoratului de Poli\u021bie a ajuns \u00een vizorul mass-media inclusiv dup\u0103 ce liderul partidului \u201eDemocra\u021bia Acas\u0103\u201d, Vasile Costiuc, a publicat un filmule\u021b pe re\u021belele de socializare, \u00een care a declarat c\u0103 acesta ar locui \u00eentr-o cas\u0103 de 30 de milioane de lei, nedeclarat\u0103, situat\u0103 \u00een Coloni\u021ba.<\/p>\n<p>Cern\u0103u\u021beanu nu a comentat acest lucru, \u00eens\u0103 a recunoscut anterior c\u0103 ar de\u021bine o cas\u0103 \u00een aceasta localitate.<\/p>\n<\/div>\n","protected":false},"excerpt":{"rendered":"<div><img loading=\"lazy\" decoding=\"async\" width=\"696\" height=\"464\" src=\"https:\/\/canal5.md\/wp-content\/uploads\/2024\/10\/viorel-cernauteanu-optimized.webp\" class=\"attachment-large size-large wp-post-image\" alt=\"\" srcset=\"https:\/\/canal5.md\/wp-content\/uploads\/2024\/10\/viorel-cernauteanu-optimized.webp 750w, https:\/\/canal5.md\/wp-content\/uploads\/2024\/10\/viorel-cernauteanu-300x200-optimized.webp 300w, https:\/\/canal5.md\/wp-content\/uploads\/2024\/10\/viorel-cernauteanu-696x464-optimized.webp 696w\">\u0218i dac\u0103 deputatul din opozi\u021bie Alexandr Nesterovschi a fost condamnat, iat\u0103 c\u0103 principalul poli\u021bist al \u021b\u0103rii, sus\u021bin\u0103tor al partidului de guvern\u0103m\u00e2nt PAS, Viorel Cernau\u021beanu, nu va fi atins de institu\u021biile statului. Autoritatea Na\u021bional\u0103 de Integritate a refuzat ini\u021bierea unui control privind un posibil conflict de interese \u00een cazul \u0219eful Inspectoratului General al Poli\u021biei. \u00centr-un proces [\u2026]<\/div>\n","protected":false},"author":1,"featured_media":69386,"comment_status":"closed","ping_status":"closed","sticky":false,"template":"","format":"standard","meta":{"jnews-multi-image_gallery":[],"jnews_single_post":[],"jnews_primary_category":[],"jnews_social_meta":[],"jnews_override_counter":[],"footnotes":""},"categories":[23],"tags":[],"class_list":["post-69385","post","type-post","status-publish","format-standard","has-post-thumbnail","hentry","category-politica_ro"],"_links":{"self":[{"href":"https:\/\/orheifm.live\/index.php\/wp-json\/wp\/v2\/posts\/69385","targetHints":{"allow":["GET"]}}],"collection":[{"href":"https:\/\/orheifm.live\/index.php\/wp-json\/wp\/v2\/posts"}],"about":[{"href":"https:\/\/orheifm.live\/index.php\/wp-json\/wp\/v2\/types\/post"}],"author":[{"embeddable":true,"href":"https:\/\/orheifm.live\/index.php\/wp-json\/wp\/v2\/users\/1"}],"replies":[{"embeddable":true,"href":"https:\/\/orheifm.live\/index.php\/wp-json\/wp\/v2\/comments?post=69385"}],"version-history":[{"count":0,"href":"https:\/\/orheifm.live\/index.php\/wp-json\/wp\/v2\/posts\/69385\/revisions"}],"wp:featuredmedia":[{"embeddable":true,"href":"https:\/\/orheifm.live\/index.php\/wp-json\/wp\/v2\/media\/69386"}],"wp:attachment":[{"href":"https:\/\/orheifm.live\/index.php\/wp-json\/wp\/v2\/media?parent=69385"}],"wp:term":[{"taxonomy":"category","embeddable":true,"href":"https:\/\/orheifm.live\/index.php\/wp-json\/wp\/v2\/categories?post=69385"},{"taxonomy":"post_tag","embeddable":true,"href":"https:\/\/orheifm.live\/index.php\/wp-json\/wp\/v2\/tags?post=69385"}],"curies":[{"name":"wp","href":"https:\/\/api.w.org\/{rel}","templated":true}]}}