{"id":69381,"date":"2025-03-19T21:26:36","date_gmt":"2025-03-19T19:26:36","guid":{"rendered":"https:\/\/orheifm.live\/index.php\/2025\/03\/19\/zeci-de-mii-de-cetateni-au-semnat-petitia-in-sprijinul-lui-nesterovschi-depusa-la-avocatul-poporului\/"},"modified":"2025-03-19T21:26:36","modified_gmt":"2025-03-19T19:26:36","slug":"zeci-de-mii-de-cetateni-au-semnat-petitia-in-sprijinul-lui-nesterovschi-depusa-la-avocatul-poporului","status":"publish","type":"post","link":"https:\/\/orheifm.live\/index.php\/2025\/03\/19\/zeci-de-mii-de-cetateni-au-semnat-petitia-in-sprijinul-lui-nesterovschi-depusa-la-avocatul-poporului\/","title":{"rendered":"Zeci de mii de cet\u0103\u021beni au semnat peti\u021bia \u00een sprijinul lui Nesterovschi, depus\u0103 la Avocatul Poporului"},"content":{"rendered":"<div>\n<p><strong>Peti\u021bia adresat\u0103 avocatului poporului \u00een sprijinul deputatului grupului parlamentar \u201eVictorie\u201d, Alexandr Nesterovschi a fost semnat\u0103 de zeci de mii de cet\u0103\u021beni ai \u021b\u0103rii. Semnatarii cer un proces de judecat\u0103 corect \u00een cazul deputatului, \u00eencetarea persecu\u021biilor politice \u0219i a represiunilor \u00eempotriva reprezentan\u021bilor opozi\u021biei.<\/strong><br \/>\n<iframe loading=\"lazy\" title=\"YouTube video player\" src=\"https:\/\/www.youtube.com\/embed\/TgmOijPUq3U?si=fSqFlKOKJaYBRpUS\" width=\"560\" height=\"315\" frameborder=\"0\" allowfullscreen=\"allowfullscreen\"><\/iframe><br \/>\nPotrivit autorilor peti\u021biei, mesaje de sus\u021binere pentru Alexandr Nesterovschi au continuat s\u0103 vin\u0103 \u0219i dup\u0103 ce s-a \u00eencheiat colectarea semn\u0103turilor, fapt care dovede\u0219te c\u0103 poporul Republicii Moldova este de partea lui. Oficiul Avocatului Poporului a recep\u021bionat peti\u021bia pentru examinare. Mai multe detalii la acest subiect vede\u021bi \u00een urm\u0103torul reportaj.<\/p>\n<p>Petitia a fost depus\u0103 la Oficiul Ombudsmanului \u00een ziua \u0219edin\u021bei de judecat\u0103, \u00een cadrul c\u0103reia, potrivit informa\u021biilor, urma s\u0103 fie pronun\u021bat\u0103 sentin\u021ba pe cazul lui Alexandr Nesterovschi. \u00cen sesizare se men\u021bioneaz\u0103 c\u0103, pe parcursul audierilor judiciare, care dureaz\u0103 de aproape un an \u0219i jum\u0103tate, au fost comise numeroase \u00eenc\u0103lc\u0103ri grave ale normelor procedurale, ale dreptului la ap\u0103rare \u0219i la un proces echitabil, iar nicio prob\u0103 nu a fost prezentat\u0103.<\/p>\n<p>\u2013 AVOCATUL POPORULUI DEPUNEREA SEMNATURILOR<\/p>\n<p>\u2013 Noi am venit s\u0103 depunem o peti\u021bie cu 51.849 de semn\u0103turi, cerem un proces echitabil pentru Alexandr Nesterovschi \u0219i respectarea drepturilor constitu\u021bionale ale deputatului parlamentului Alexandr Nesterovschi.<\/p>\n<p>\u2013 Vine din partea cui parvine cererea?<\/p>\n<p>\u2013 Din partea cet\u0103\u021benilor Republicii Moldova. Ne-am adresat cu un apel public c\u0103tre cet\u0103\u021benii Republicii Moldova. Cei care au dorit s\u0103 \u00eel sus\u021bin\u0103 pe Alexandru Nesterovschi au avut posibilitatea s\u0103 semneze. Iar oamenii au dorit, au s\u0103rit \u00een ajutor \u0219i au depus voluntar o semn\u0103tur\u0103.<\/p>\n<p>A\u0219a cum a men\u021bionat pre\u0219edintele Asocia\u021biei Ob\u0219te\u0219ti \u201eSufletul \u0219i Inima Moldovei\u201d, Andrei Popa, listele cu semn\u0103turile adunate \u00een sprijinul lui Nesterovschi au fost repartizate \u00een mai multe cutii. Potrivit acestuia, \u00een doar c\u00e2teva ore au fost colectate peste 51 de mii de semn\u0103turi.<\/p>\n<p>Andrei Popa, pre\u0219edintele Asocia\u021biei Ob\u0219te\u0219ti \u201eSufletul \u0219i Inima Moldovei\u201d<\/p>\n<p>Chiar \u0219i ast\u0103zi, dup\u0103 ce am anun\u021bat c\u0103 nu mai primim semn\u0103turi, fiindc\u0103 deja ne aflam \u00een etapa de depunere a peti\u021biei, \u00een unele organiza\u021bii teritoriale oamenii continuau s\u0103 stea la coad\u0103 pentru a semna apelul.<\/p>\n<p>Acest lucru demonstreaz\u0103 o mobilizare puternic\u0103 din partea cet\u0103\u021benilor, care nu au r\u0103mas indiferen\u021bi fa\u021b\u0103 de faptul c\u0103 Alexandru Nesterovski, deputat \u00een parlament, ales al poporului, este supus unor persecu\u021bii politice pentru c\u0103 lupt\u0103 pentru dreptate, pentru cet\u0103\u021benii Republicii Moldova \u0219i promoveaz\u0103 proiecte sociale importante, precum majorarea pensiilor \u0219i salariilor. \u0218i, probabil c\u0103 acest fapt \u00eencurc\u0103 guvernarea actual\u0103.<\/p>\n<p>Semn\u0103turile colectate \u00een doar c\u00e2teva ore reprezint\u0103 doar o mic\u0103 parte dintre cei care \u00eel sus\u021bin pe Nesterovski, poporul Republicii Moldova este de partea lui, a declarat Andrei Popa.<\/p>\n<p>Potrivit lui, acest proces are un caracter evident politic, iar autorii peti\u021biei a\u0219teapt\u0103 o interven\u021bie rapid\u0103 din partea Ombudsmanului pentru a proteja drepturile acuzatului.<br \/>\n\u0218i locuitorii autonomiei g\u0103g\u0103uze \u0219i-au exprimat solidaritatea cu Alexandr Nesterovschi. Una dintre ace\u0219tia este sus\u021bin\u0103toarea blocului politic \u201eVictorie\u201d Irina Patosca.<\/p>\n<p>IRINA PATOSCA, sus\u021bin\u0103toarea blocului politic \u201eVictorie\u201d<\/p>\n<p>Am venit ast\u0103zi s\u0103 depunem peti\u021bia la Avocatul Poporului \u00een sprijinul deputatului ales \u00een mod legal, Alexandr Nesterovschi, care este supus unei presiuni nedrepte din partea autorit\u0103\u021bilor.\u00a0 Oamenii v\u0103d ast\u0103zi abuzurile autorit\u0103\u021bilor \u0219i sunt preg\u0103ti\u021bi s\u0103 \u00ee\u0219i exprime deschis sprijinul pentru Alexandr.<\/p>\n<p>Activistul blocului \u201ePobeda\u201d, Ivan Gucci, a subliniat c\u0103 actuala guvernare nu se poate l\u0103uda cu rezultate reale \u0219i pozitive pentru \u021bar\u0103, \u00eens\u0103 este campioan\u0103 la persecutarea opozi\u021biei.<\/p>\n<p>IVAN GUCI, activist al blocului politic \u201eVictorie\u201d<\/p>\n<p>Aceste dosare sunt, desigur, fabricate din motive politice. Deputa\u021bii care au acaparat toat\u0103 puterea \u00een stat nu se ocup\u0103 cu altceva dec\u00e2t cu eliminarea politic\u0103 a opozi\u021biei.<\/p>\n<p>Cazul lui Nesterovschi este complet politic, f\u0103r\u0103 dovezi \u0219i f\u0103r\u0103 ascultarea martorilor ap\u0103r\u0103rii.Cerem ca Avocatul Poporului s\u0103 fie prezent la proces \u0219i s\u0103 asigure un tratament echitabil pentru cet\u0103\u021beanul Nesterovschi.<\/p>\n<p>Autorii peti\u021biei au explicat c\u0103 fiecare persoan\u0103 care a semnat-o a indicat, pe l\u00e2ng\u0103 nume \u0219i prenume, datele de contact \u0219i adresa de domiciliu, pentru a exclude orice \u00eendoial\u0103 privind falsificarea sau legalitatea documentului. La to\u021bi semnatarii, a men\u021bionat Ivan Gucci, se poate apela pentru a pune \u00eentreb\u0103ri legate de peti\u021bie.<\/p>\n<p>Reprezentantul Oficiului Avocatului Poporului a informat c\u0103, \u00een prezent, ombudsmanul se afl\u0103 \u00eentr-o deplasare \u0219i nu poate oferi comentarii. \u00cen ceea ce prive\u0219te peti\u021bia, aceasta va fi examinat\u0103 \u0219i va fi transmis\u0103 autorit\u0103\u021bilor competente \u00een domeniul respectiv, iar ulterior Avocatul Poporului \u00ee\u0219i va exprima punctul de vedere referitor la aceast\u0103 solicitare.<\/p>\n<\/div>\n","protected":false},"excerpt":{"rendered":"<div><img loading=\"lazy\" decoding=\"async\" width=\"696\" height=\"311\" src=\"https:\/\/canal5.md\/wp-content\/uploads\/2025\/03\/blob-7-1-1024x458-optimized.jpg\" class=\"attachment-large size-large wp-post-image\" alt=\"\" srcset=\"https:\/\/canal5.md\/wp-content\/uploads\/2025\/03\/blob-7-1-1024x458-optimized.jpg 1024w, https:\/\/canal5.md\/wp-content\/uploads\/2025\/03\/blob-7-1-300x134-optimized.jpg 300w, https:\/\/canal5.md\/wp-content\/uploads\/2025\/03\/blob-7-1-768x343-optimized.jpg 768w, https:\/\/canal5.md\/wp-content\/uploads\/2025\/03\/blob-7-1-696x311-optimized.jpg 696w, https:\/\/canal5.md\/wp-content\/uploads\/2025\/03\/blob-7-1-optimized.jpg 1058w\">Peti\u021bia adresat\u0103 avocatului poporului \u00een sprijinul deputatului grupului parlamentar \u201eVictorie\u201d, Alexandr Nesterovschi a fost semnat\u0103 de zeci de mii de cet\u0103\u021beni ai \u021b\u0103rii. Semnatarii cer un proces de judecat\u0103 corect \u00een cazul deputatului, \u00eencetarea persecu\u021biilor politice \u0219i a represiunilor \u00eempotriva reprezentan\u021bilor opozi\u021biei. Potrivit autorilor peti\u021biei, mesaje de sus\u021binere pentru Alexandr Nesterovschi au continuat s\u0103 vin\u0103 [\u2026]<\/div>\n","protected":false},"author":1,"featured_media":69382,"comment_status":"closed","ping_status":"closed","sticky":false,"template":"","format":"standard","meta":{"jnews-multi-image_gallery":[],"jnews_single_post":[],"jnews_primary_category":[],"jnews_social_meta":[],"jnews_override_counter":[],"footnotes":""},"categories":[23],"tags":[],"class_list":["post-69381","post","type-post","status-publish","format-standard","has-post-thumbnail","hentry","category-politica_ro"],"_links":{"self":[{"href":"https:\/\/orheifm.live\/index.php\/wp-json\/wp\/v2\/posts\/69381","targetHints":{"allow":["GET"]}}],"collection":[{"href":"https:\/\/orheifm.live\/index.php\/wp-json\/wp\/v2\/posts"}],"about":[{"href":"https:\/\/orheifm.live\/index.php\/wp-json\/wp\/v2\/types\/post"}],"author":[{"embeddable":true,"href":"https:\/\/orheifm.live\/index.php\/wp-json\/wp\/v2\/users\/1"}],"replies":[{"embeddable":true,"href":"https:\/\/orheifm.live\/index.php\/wp-json\/wp\/v2\/comments?post=69381"}],"version-history":[{"count":0,"href":"https:\/\/orheifm.live\/index.php\/wp-json\/wp\/v2\/posts\/69381\/revisions"}],"wp:featuredmedia":[{"embeddable":true,"href":"https:\/\/orheifm.live\/index.php\/wp-json\/wp\/v2\/media\/69382"}],"wp:attachment":[{"href":"https:\/\/orheifm.live\/index.php\/wp-json\/wp\/v2\/media?parent=69381"}],"wp:term":[{"taxonomy":"category","embeddable":true,"href":"https:\/\/orheifm.live\/index.php\/wp-json\/wp\/v2\/categories?post=69381"},{"taxonomy":"post_tag","embeddable":true,"href":"https:\/\/orheifm.live\/index.php\/wp-json\/wp\/v2\/tags?post=69381"}],"curies":[{"name":"wp","href":"https:\/\/api.w.org\/{rel}","templated":true}]}}