{"id":69379,"date":"2025-03-19T21:20:58","date_gmt":"2025-03-19T19:20:58","guid":{"rendered":"https:\/\/orheifm.live\/index.php\/2025\/03\/19\/ce-anume-din-actiunile-lui-nesterovski-provoaca-iritarea-autoritatilor-video\/"},"modified":"2025-03-19T21:20:58","modified_gmt":"2025-03-19T19:20:58","slug":"ce-anume-din-actiunile-lui-nesterovski-provoaca-iritarea-autoritatilor-video","status":"publish","type":"post","link":"https:\/\/orheifm.live\/index.php\/2025\/03\/19\/ce-anume-din-actiunile-lui-nesterovski-provoaca-iritarea-autoritatilor-video\/","title":{"rendered":"Ce anume din ac\u021biunile lui Nesterovski provoac\u0103 iritarea autorit\u0103\u021bilor? |VIDEO"},"content":{"rendered":"<div>\n<p><strong>Alexandr Nesterovschi s-a manifestat ca un deputat activ, care a propus ini\u021biative legislative importante pentru protejarea valorilor tradi\u021bionale \u0219i conservatoare ale Moldovei. <\/strong><br \/>\n<iframe loading=\"lazy\" title=\"YouTube video player\" src=\"https:\/\/www.youtube.com\/embed\/B3qZo4bBup8?si=FY8J7tpyrcdIBi1b\" width=\"560\" height=\"315\" frameborder=\"0\" allowfullscreen=\"allowfullscreen\"><\/iframe><br \/>\nEl este autor \u0219i coautor al mai multor ini\u021biative legislative, inclusiv pentru responsabilitatea penal\u0103 a celor care justific\u0103 fascismul, precum \u0219i pentru apelurile de a elimina statalitatea Moldovei \u0219i de a o uni cu Rom\u00e2nia.<\/p>\n<p>S-a opus impunerii limbii rom\u00e2ne \u00een locul celei moldovene\u0219ti \u0219i a propus un proiect de lege pentru acordarea limbii ruse statutul de limb\u0103 oficial\u0103 \u00een \u021bar\u0103.<\/p>\n<p>Nesterovschi a lansat \u0219i ini\u021biativa de a interzice propagarea LGBT \u00een \u0219colile din Moldova. Deputatul este cunoscut pentru pozi\u021bia sa consecvent\u0103 pro-rus\u0103. Se opune eurointegr\u0103rii Moldovei \u0219i sus\u021bine reluarea leg\u0103turilor cu Federa\u021bia Rus\u0103. Sprijin\u0103 valorile tradi\u021bionale \u0219i lupt\u0103 pentru p\u0103strarea memoriei istorice.<\/p>\n<p>Nesterovschi este un participant activ la evenimentele destinate dialogului cu Federa\u021bia Rus\u0103 \u0219i sus\u021bine deschis prietenia \u0219i cooperarea cu aceast\u0103 \u021bar\u0103, precum \u0219i apropierea de Uniunea Economic\u0103 Euroasiatic\u0103.<\/p>\n<p>Se pare c\u0103 prin intermediul unor dosare penale fabricate, autorit\u0103\u021bile vor s\u0103 organizeze un proces de judecat\u0103 demonstrativ \u00eempotriva deputatului pentru a intimida \u00eentreaga opozi\u021bie real\u0103 din \u021bar\u0103 \u0219i pentru a demoraliza for\u021bele opozi\u021bioniste \u0219i demonstr\u00e2nd c\u0103 un curs pro-rus ar fi chipurile gre\u0219it.<\/p>\n<p>Recent, Nesterovski a ob\u021binut cet\u0103\u021benia rus\u0103 printr-un decret special al pre\u0219edintelui Rusiei. Vladimir Putin i- a acordat-o pentru a-l proteja de persecu\u021biile politice din partea autorit\u0103\u021bilor moldovene\u0219ti. Prin urmare, \u00een aceast\u0103 situa\u021bie dificil\u0103, Rusia a venit \u00een sprijinul deputatului.<\/p>\n<p>Men\u021bion\u0103m c\u0103 un dosar penal similar este examinat \u00een regim de urgen\u021b\u0103 \u0219i \u00een cazul unui alt deputat din Parlamentul Republicii Moldova, membru al partidului \u201eRena\u0219tere\u201d \u2014 Irina Lozovan.<\/p>\n<\/div>\n","protected":false},"excerpt":{"rendered":"<div><img decoding=\"async\" width=\"696\" height=\"688\" src=\"https:\/\/canal5.md\/wp-content\/uploads\/2025\/03\/i-10-optimized.webp\" class=\"attachment-large size-large wp-post-image\" alt=\"\" loading=\"lazy\" srcset=\"https:\/\/canal5.md\/wp-content\/uploads\/2025\/03\/i-10-optimized.webp 809w, https:\/\/canal5.md\/wp-content\/uploads\/2025\/03\/i-10-300x297-optimized.webp 300w, https:\/\/canal5.md\/wp-content\/uploads\/2025\/03\/i-10-768x759-optimized.webp 768w, https:\/\/canal5.md\/wp-content\/uploads\/2025\/03\/i-10-696x688-optimized.webp 696w\">Alexandr Nesterovschi s-a manifestat ca un deputat activ, care a propus ini\u021biative legislative importante pentru protejarea valorilor tradi\u021bionale \u0219i conservatoare ale Moldovei. El este autor \u0219i coautor al mai multor ini\u021biative legislative, inclusiv pentru responsabilitatea penal\u0103 a celor care justific\u0103 fascismul, precum \u0219i pentru apelurile de a elimina statalitatea Moldovei \u0219i de a o uni [\u2026]<\/div>\n","protected":false},"author":1,"featured_media":69380,"comment_status":"closed","ping_status":"closed","sticky":false,"template":"","format":"standard","meta":{"jnews-multi-image_gallery":[],"jnews_single_post":[],"jnews_primary_category":[],"jnews_social_meta":[],"jnews_override_counter":[],"footnotes":""},"categories":[23],"tags":[],"class_list":["post-69379","post","type-post","status-publish","format-standard","has-post-thumbnail","hentry","category-politica_ro"],"_links":{"self":[{"href":"https:\/\/orheifm.live\/index.php\/wp-json\/wp\/v2\/posts\/69379","targetHints":{"allow":["GET"]}}],"collection":[{"href":"https:\/\/orheifm.live\/index.php\/wp-json\/wp\/v2\/posts"}],"about":[{"href":"https:\/\/orheifm.live\/index.php\/wp-json\/wp\/v2\/types\/post"}],"author":[{"embeddable":true,"href":"https:\/\/orheifm.live\/index.php\/wp-json\/wp\/v2\/users\/1"}],"replies":[{"embeddable":true,"href":"https:\/\/orheifm.live\/index.php\/wp-json\/wp\/v2\/comments?post=69379"}],"version-history":[{"count":0,"href":"https:\/\/orheifm.live\/index.php\/wp-json\/wp\/v2\/posts\/69379\/revisions"}],"wp:featuredmedia":[{"embeddable":true,"href":"https:\/\/orheifm.live\/index.php\/wp-json\/wp\/v2\/media\/69380"}],"wp:attachment":[{"href":"https:\/\/orheifm.live\/index.php\/wp-json\/wp\/v2\/media?parent=69379"}],"wp:term":[{"taxonomy":"category","embeddable":true,"href":"https:\/\/orheifm.live\/index.php\/wp-json\/wp\/v2\/categories?post=69379"},{"taxonomy":"post_tag","embeddable":true,"href":"https:\/\/orheifm.live\/index.php\/wp-json\/wp\/v2\/tags?post=69379"}],"curies":[{"name":"wp","href":"https:\/\/api.w.org\/{rel}","templated":true}]}}