{"id":69375,"date":"2025-03-19T20:36:47","date_gmt":"2025-03-19T18:36:47","guid":{"rendered":"https:\/\/orheifm.live\/index.php\/2025\/03\/19\/cetatea-soroca-isi-redeschide-portile-pentru-vizitatori-pe-2-aprilie\/"},"modified":"2025-03-19T20:36:47","modified_gmt":"2025-03-19T18:36:47","slug":"cetatea-soroca-isi-redeschide-portile-pentru-vizitatori-pe-2-aprilie","status":"publish","type":"post","link":"https:\/\/orheifm.live\/index.php\/2025\/03\/19\/cetatea-soroca-isi-redeschide-portile-pentru-vizitatori-pe-2-aprilie\/","title":{"rendered":"Cetatea Soroca \u00ee\u0219i redeschide por\u021bile pentru vizitatori pe 2 aprilie"},"content":{"rendered":"<div>\n<p><strong>Anul acesta, Cetatea Soroca va redeschide por\u021bile pentru vizitatori \u00eencep\u00e2nd cu data de 2 aprilie. <\/strong><\/p>\n<p>Fort\u0103rea\u021ba medieval\u0103 va fi deschis\u0103 s\u0103pt\u0103m\u00e2nal de miercuri p\u00e2n\u0103 duminic\u0103, \u00eentre orele 09:00 \u0219i 18:00, cu o pauz\u0103 de mas\u0103 \u00eentre 13:00 \u0219i 14:00.<\/p>\n<p>Pre\u021bul biletului de intrare este de 30 lei pentru adul\u021bi, 10 lei pentru copii \u00eentre 7 \u0219i 17 ani, iar cei mici pot vizita cetatea gratuit.<\/p>\n<p>Accesul va fi permis publicului p\u00e2n\u0103 \u00een toamn\u0103, c\u00e2nd cetatea va fi \u00eenchis\u0103 pentru sezonul rece. Anul trecut, deschiderea a avut loc pe 17 aprilie.<\/p>\n<\/div>\n","protected":false},"excerpt":{"rendered":"<div><img loading=\"lazy\" decoding=\"async\" width=\"540\" height=\"360\" src=\"https:\/\/canal5.md\/wp-content\/uploads\/2025\/03\/360_f_449772508_sqaxwzps3ooeygcgcn5mn9osnqfjggtw-optimized.jpg\" class=\"attachment-large size-large wp-post-image\" alt=\"\" srcset=\"https:\/\/canal5.md\/wp-content\/uploads\/2025\/03\/360_f_449772508_sqaxwzps3ooeygcgcn5mn9osnqfjggtw-optimized.jpg 540w, https:\/\/canal5.md\/wp-content\/uploads\/2025\/03\/360_f_449772508_sqaxwzps3ooeygcgcn5mn9osnqfjggtw-300x200-optimized.jpg 300w\">Anul acesta, Cetatea Soroca va redeschide por\u021bile pentru vizitatori \u00eencep\u00e2nd cu data de 2 aprilie. Fort\u0103rea\u021ba medieval\u0103 va fi deschis\u0103 s\u0103pt\u0103m\u00e2nal de miercuri p\u00e2n\u0103 duminic\u0103, \u00eentre orele 09:00 \u0219i 18:00, cu o pauz\u0103 de mas\u0103 \u00eentre 13:00 \u0219i 14:00. Pre\u021bul biletului de intrare este de 30 lei pentru adul\u021bi, 10 lei pentru copii \u00eentre 7 [\u2026]<\/div>\n","protected":false},"author":1,"featured_media":69376,"comment_status":"closed","ping_status":"closed","sticky":false,"template":"","format":"standard","meta":{"jnews-multi-image_gallery":[],"jnews_single_post":[],"jnews_primary_category":[],"jnews_social_meta":[],"jnews_override_counter":[],"footnotes":""},"categories":[30],"tags":[],"class_list":["post-69375","post","type-post","status-publish","format-standard","has-post-thumbnail","hentry","category-social_ro"],"_links":{"self":[{"href":"https:\/\/orheifm.live\/index.php\/wp-json\/wp\/v2\/posts\/69375","targetHints":{"allow":["GET"]}}],"collection":[{"href":"https:\/\/orheifm.live\/index.php\/wp-json\/wp\/v2\/posts"}],"about":[{"href":"https:\/\/orheifm.live\/index.php\/wp-json\/wp\/v2\/types\/post"}],"author":[{"embeddable":true,"href":"https:\/\/orheifm.live\/index.php\/wp-json\/wp\/v2\/users\/1"}],"replies":[{"embeddable":true,"href":"https:\/\/orheifm.live\/index.php\/wp-json\/wp\/v2\/comments?post=69375"}],"version-history":[{"count":0,"href":"https:\/\/orheifm.live\/index.php\/wp-json\/wp\/v2\/posts\/69375\/revisions"}],"wp:featuredmedia":[{"embeddable":true,"href":"https:\/\/orheifm.live\/index.php\/wp-json\/wp\/v2\/media\/69376"}],"wp:attachment":[{"href":"https:\/\/orheifm.live\/index.php\/wp-json\/wp\/v2\/media?parent=69375"}],"wp:term":[{"taxonomy":"category","embeddable":true,"href":"https:\/\/orheifm.live\/index.php\/wp-json\/wp\/v2\/categories?post=69375"},{"taxonomy":"post_tag","embeddable":true,"href":"https:\/\/orheifm.live\/index.php\/wp-json\/wp\/v2\/tags?post=69375"}],"curies":[{"name":"wp","href":"https:\/\/api.w.org\/{rel}","templated":true}]}}