{"id":69373,"date":"2025-03-19T20:19:59","date_gmt":"2025-03-19T18:19:59","guid":{"rendered":"https:\/\/orheifm.live\/index.php\/2025\/03\/19\/ambasadorul-moldovei-la-moscova-a-fost-convocat-de-ministerul-afacerilor-externe-al-rusiei-pentru-a-primi-o-nota-de-protest\/"},"modified":"2025-03-19T20:19:59","modified_gmt":"2025-03-19T18:19:59","slug":"ambasadorul-moldovei-la-moscova-a-fost-convocat-de-ministerul-afacerilor-externe-al-rusiei-pentru-a-primi-o-nota-de-protest","status":"publish","type":"post","link":"https:\/\/orheifm.live\/index.php\/2025\/03\/19\/ambasadorul-moldovei-la-moscova-a-fost-convocat-de-ministerul-afacerilor-externe-al-rusiei-pentru-a-primi-o-nota-de-protest\/","title":{"rendered":"Ambasadorul Moldovei la Moscova a fost convocat de Ministerul Afacerilor Externe al Rusiei pentru a primi o not\u0103 de protest"},"content":{"rendered":"<div>\n<p><strong>Ministerul Afacerilor Externe al Rusiei l-a convocat pe ambasadorul Moldovei la Moscova, Lilian Darii, pentru a-i transmite o not\u0103 de protest oficial\u0103. Incidentul a avut loc pe 19 martie, c\u00e2nd autorit\u0103\u021bile moldovene\u0219ti au blocat Ambasada Rusiei la Chi\u0219in\u0103u, pe baza unor informa\u021bii despre o posibil\u0103 minare a cl\u0103dirii scrie<a href=\"https:\/\/telegraph.md\/ambasadorul-moldovei-la-moscova-a-fost-convocat-de-ministerul-afacerilor-externe-al-rusiei-pentru-a-primi-o-nota-de-protest\/?fbclid=IwY2xjawJH51VleHRuA2FlbQIxMQABHUwQazKL7Zmwbd_GJBKw_0Cu25s3_Som42_fp6U4uAzscNmN1ZrRlU9YVQ_aem_lFJ8D89Et8fT_aIppVxLpA\"> telegraph.md<\/a><\/strong><\/p>\n<p>\u201dPe 19 martie, reprezentan\u021bii structurilor de for\u021b\u0103 ale Moldovei, cit\u00e2nd informa\u021biile pe care le-ar fi primit despre minarea Ambasadei Federa\u021biei Ruse \u00een Republica Moldova, au blocat complet teritorul misiunii diplomatice ruse timp de c\u00e2teva ore.<\/p>\n<p>\u00cen acest context, partea moldoveneasc\u0103 a comis o \u00eenc\u0103lcare grav\u0103 a obliga\u021biilor sale interna\u021bionale privind respectarea prevederilor Conven\u021biei de la Viena din 1961, care stipuleaz\u0103 c\u0103 \u201estatul gazd\u0103 trebuie s\u0103 acorde toate posibilit\u0103\u021bile pentru \u00eendeplinirea func\u021biilor reprezentan\u021bei diplomatice\u201d.<\/p>\n<p>Organele de aplicare a legii din Moldova au \u00eempiedicat intrarea Ambasadorului Federa\u021biei Ruse \u00een Republica Moldova pe teritoriul misiunii diplomatice, iar persoanele aflate \u00een complexul ambasadei, inclusiv angaja\u021bi \u0219i membri ai familiilor lor, printre care femei \u0219i copii, au fost private de posibilitatea de a ie\u0219i \u00een ora\u0219. Este semnificativ faptul c\u0103 Ambasada nu a primit nicio notificare oficial\u0103 din partea autorit\u0103\u021bilor privind presupusa minare.<\/p>\n<p>\u00cen leg\u0103tur\u0103 cu acest incident, Ambasadorului Moldovei la Moscova, L. Darii, i-a fost adresat un protest ferm din partea Ministerului Afacerilor Externe al Rusiei \u0219i a fost formulat\u0103 o cerere de ridicare rapid\u0103 a blocadei provocatoare a misiunii diplomatice ruse din Chi\u0219in\u0103u.<\/p>\n<p>Dup\u0103 un timp, situa\u021bia a fost rezolvat\u0103, iar perimetrul din jurul Ambasadei a fost ridicat.<\/p>\n<p>La Moscova, se sper\u0103 c\u0103 partea moldoveneasc\u0103 va respecta de acum \u00eenainte prevederile Conven\u021biei de la Viena din 1961\u201d, este comunicatul ru\u0219ilor.<\/p>\n<p>\u00a0<\/p>\n<\/div>\n","protected":false},"excerpt":{"rendered":"<div><img loading=\"lazy\" decoding=\"async\" width=\"696\" height=\"458\" src=\"https:\/\/canal5.md\/wp-content\/uploads\/2025\/03\/photo_5393151886711975996_x-optimized.jpg\" class=\"attachment-large size-large wp-post-image\" alt=\"\" srcset=\"https:\/\/canal5.md\/wp-content\/uploads\/2025\/03\/photo_5393151886711975996_x-optimized.jpg 760w, https:\/\/canal5.md\/wp-content\/uploads\/2025\/03\/photo_5393151886711975996_x-300x197-optimized.jpg 300w, https:\/\/canal5.md\/wp-content\/uploads\/2025\/03\/photo_5393151886711975996_x-696x458-optimized.jpg 696w\">Ministerul Afacerilor Externe al Rusiei l-a convocat pe ambasadorul Moldovei la Moscova, Lilian Darii, pentru a-i transmite o not\u0103 de protest oficial\u0103. Incidentul a avut loc pe 19 martie, c\u00e2nd autorit\u0103\u021bile moldovene\u0219ti au blocat Ambasada Rusiei la Chi\u0219in\u0103u, pe baza unor informa\u021bii despre o posibil\u0103 minare a cl\u0103dirii scrie telegraph.md \u201dPe 19 martie, reprezentan\u021bii structurilor [\u2026]<\/div>\n","protected":false},"author":1,"featured_media":69374,"comment_status":"closed","ping_status":"closed","sticky":false,"template":"","format":"standard","meta":{"jnews-multi-image_gallery":[],"jnews_single_post":[],"jnews_primary_category":[],"jnews_social_meta":[],"jnews_override_counter":[],"footnotes":""},"categories":[30],"tags":[],"class_list":["post-69373","post","type-post","status-publish","format-standard","has-post-thumbnail","hentry","category-social_ro"],"_links":{"self":[{"href":"https:\/\/orheifm.live\/index.php\/wp-json\/wp\/v2\/posts\/69373","targetHints":{"allow":["GET"]}}],"collection":[{"href":"https:\/\/orheifm.live\/index.php\/wp-json\/wp\/v2\/posts"}],"about":[{"href":"https:\/\/orheifm.live\/index.php\/wp-json\/wp\/v2\/types\/post"}],"author":[{"embeddable":true,"href":"https:\/\/orheifm.live\/index.php\/wp-json\/wp\/v2\/users\/1"}],"replies":[{"embeddable":true,"href":"https:\/\/orheifm.live\/index.php\/wp-json\/wp\/v2\/comments?post=69373"}],"version-history":[{"count":0,"href":"https:\/\/orheifm.live\/index.php\/wp-json\/wp\/v2\/posts\/69373\/revisions"}],"wp:featuredmedia":[{"embeddable":true,"href":"https:\/\/orheifm.live\/index.php\/wp-json\/wp\/v2\/media\/69374"}],"wp:attachment":[{"href":"https:\/\/orheifm.live\/index.php\/wp-json\/wp\/v2\/media?parent=69373"}],"wp:term":[{"taxonomy":"category","embeddable":true,"href":"https:\/\/orheifm.live\/index.php\/wp-json\/wp\/v2\/categories?post=69373"},{"taxonomy":"post_tag","embeddable":true,"href":"https:\/\/orheifm.live\/index.php\/wp-json\/wp\/v2\/tags?post=69373"}],"curies":[{"name":"wp","href":"https:\/\/api.w.org\/{rel}","templated":true}]}}