{"id":69371,"date":"2025-03-19T18:56:26","date_gmt":"2025-03-19T16:56:26","guid":{"rendered":"https:\/\/orheifm.live\/index.php\/2025\/03\/19\/porcii-de-la-ferma-din-roscani-ar-urma-sa-fie-inhumati-pe-locul-unei-foste-gunoisti-localnicii-sunt-ingrijorati\/"},"modified":"2025-03-19T18:56:26","modified_gmt":"2025-03-19T16:56:26","slug":"porcii-de-la-ferma-din-roscani-ar-urma-sa-fie-inhumati-pe-locul-unei-foste-gunoisti-localnicii-sunt-ingrijorati","status":"publish","type":"post","link":"https:\/\/orheifm.live\/index.php\/2025\/03\/19\/porcii-de-la-ferma-din-roscani-ar-urma-sa-fie-inhumati-pe-locul-unei-foste-gunoisti-localnicii-sunt-ingrijorati\/","title":{"rendered":"Porcii de la ferma din Ro\u0219cani ar urma s\u0103 fie \u00eenhuma\u021bi pe locul unei foste gunoi\u0219ti. Localnicii sunt \u00eengrijora\u021bi"},"content":{"rendered":"<div>\n<p><strong>Cei 65.000 de porci de la ferma din Ro\u0219cani, raionul Anenii Noi, infecta\u021bi cu pesta porcin\u0103 african\u0103, ar urma s\u0103 fie \u00eenhuma\u021bi pe locul unei foste gunoi\u0219ti din sat, ce se afl\u0103 la circa un kilometru distan\u021b\u0103 de sat, a declarat un locuitor pentru\u00a0<a href=\"https:\/\/agrotv.md\/localnicii-din-roscani-sunt-ingrijorati-ca-porcii-infectati-cu-pesta-porcina-inhumati-in-apropierea-satului-pot-provoca-un-focar-de-infectii-pentru-oameni\/?fbclid=IwZXh0bgNhZW0CMTAAAR1jbXdpF7Hpay9a-OA2ZZ7PoqA8NuEcEhuLfPLUzNJN-ZMcCYqC6vrpt2k_aem_t4YgrgzuVkCXA_5CujBgyg\">AgroTV Moldova<\/a>, care a solicitat s\u0103-i fie p\u0103strat anonimatul. \u00centre timp, locuitorii satului Ro\u0219cani sunt \u00eengrijora\u021bi c\u0103 porcii infecta\u021bi ar putea s\u0103 le pun\u0103 \u00een pericol s\u0103n\u0103tatea.<\/strong><\/p>\n<p>Sursa citat\u0103 a discutat cu medicul veterinar Luca Schivu, care a spus c\u0103 nu exist\u0103 nici un pericol de infectare a oamenilor, dac\u0103 sunt respectate toate rigorile de \u00eenhumare. Totodat\u0103, el a mai ad\u0103ugat c\u0103 pesta porcin\u0103 african\u0103 prezint\u0103 pericol doar pentru animale.<\/p>\n<div class=\"margin-auto\">\n<div id=\"admixer-hb-216-637568592982450705\"><\/div>\n<\/div>\n<p>\u201ePericol pentru oameni nu-i! Ace\u0219ti porci ar trebui s\u0103 fie ar\u0219i sau sunt gropi speciale, care se fac de 10 metri ad\u00e2cime \u0219i se betoneaz\u0103, apoi se pun animalele acolo, fiind acoperite cu sod\u0103 caustic\u0103, care descompune tot\u201d, a men\u021bionat mediul veterinar.<\/p>\n<p>Amintim c\u0103 miercuri, 19 martie, purt\u0103torul de cuv\u00e2nt al Guvernului, Daniel Vod\u0103, a anun\u021bat c\u0103 peste 2.000 de porci din ferma din localitate au fost deja sacrifica\u021bi. Zona r\u0103m\u00e2ne sub restric\u021bii stricte, iar accesul este interzis pentru persoanele neautorizate. De asemenea, a fost dispus\u0103 dezinfec\u021bia intensificat\u0103 a fermelor din proximitate, dar \u0219i a mijloacelor de transport din regiune. Autorit\u0103\u021bile au emis aten\u021bion\u0103ri c\u0103tre cet\u0103\u021beni \u0219i fermieri. \u00cen total,\u00a0peste 65.000 de porci urmeaz\u0103 s\u0103 fie sacrifica\u021bi.<\/p>\n<\/div>\n","protected":false},"excerpt":{"rendered":"<div><img loading=\"lazy\" decoding=\"async\" width=\"696\" height=\"391\" src=\"https:\/\/canal5.md\/wp-content\/uploads\/2025\/03\/porci-sacrificati-sursa-agrotv-moldova-900x505-1-optimized.jpg\" class=\"attachment-large size-large wp-post-image\" alt=\"\" srcset=\"https:\/\/canal5.md\/wp-content\/uploads\/2025\/03\/porci-sacrificati-sursa-agrotv-moldova-900x505-1-optimized.jpg 900w, https:\/\/canal5.md\/wp-content\/uploads\/2025\/03\/porci-sacrificati-sursa-agrotv-moldova-900x505-1-300x168-optimized.jpg 300w, https:\/\/canal5.md\/wp-content\/uploads\/2025\/03\/porci-sacrificati-sursa-agrotv-moldova-900x505-1-768x431-optimized.jpg 768w, https:\/\/canal5.md\/wp-content\/uploads\/2025\/03\/porci-sacrificati-sursa-agrotv-moldova-900x505-1-696x391-optimized.jpg 696w\">Cei 65.000 de porci de la ferma din Ro\u0219cani, raionul Anenii Noi, infecta\u021bi cu pesta porcin\u0103 african\u0103, ar urma s\u0103 fie \u00eenhuma\u021bi pe locul unei foste gunoi\u0219ti din sat, ce se afl\u0103 la circa un kilometru distan\u021b\u0103 de sat, a declarat un locuitor pentru\u00a0AgroTV Moldova, care a solicitat s\u0103-i fie p\u0103strat anonimatul. \u00centre timp, locuitorii [\u2026]<\/div>\n","protected":false},"author":1,"featured_media":69372,"comment_status":"closed","ping_status":"closed","sticky":false,"template":"","format":"standard","meta":{"jnews-multi-image_gallery":[],"jnews_single_post":[],"jnews_primary_category":[],"jnews_social_meta":[],"jnews_override_counter":[],"footnotes":""},"categories":[30],"tags":[],"class_list":["post-69371","post","type-post","status-publish","format-standard","has-post-thumbnail","hentry","category-social_ro"],"_links":{"self":[{"href":"https:\/\/orheifm.live\/index.php\/wp-json\/wp\/v2\/posts\/69371","targetHints":{"allow":["GET"]}}],"collection":[{"href":"https:\/\/orheifm.live\/index.php\/wp-json\/wp\/v2\/posts"}],"about":[{"href":"https:\/\/orheifm.live\/index.php\/wp-json\/wp\/v2\/types\/post"}],"author":[{"embeddable":true,"href":"https:\/\/orheifm.live\/index.php\/wp-json\/wp\/v2\/users\/1"}],"replies":[{"embeddable":true,"href":"https:\/\/orheifm.live\/index.php\/wp-json\/wp\/v2\/comments?post=69371"}],"version-history":[{"count":0,"href":"https:\/\/orheifm.live\/index.php\/wp-json\/wp\/v2\/posts\/69371\/revisions"}],"wp:featuredmedia":[{"embeddable":true,"href":"https:\/\/orheifm.live\/index.php\/wp-json\/wp\/v2\/media\/69372"}],"wp:attachment":[{"href":"https:\/\/orheifm.live\/index.php\/wp-json\/wp\/v2\/media?parent=69371"}],"wp:term":[{"taxonomy":"category","embeddable":true,"href":"https:\/\/orheifm.live\/index.php\/wp-json\/wp\/v2\/categories?post=69371"},{"taxonomy":"post_tag","embeddable":true,"href":"https:\/\/orheifm.live\/index.php\/wp-json\/wp\/v2\/tags?post=69371"}],"curies":[{"name":"wp","href":"https:\/\/api.w.org\/{rel}","templated":true}]}}