{"id":69347,"date":"2025-03-19T13:40:56","date_gmt":"2025-03-19T11:40:56","guid":{"rendered":"https:\/\/orheifm.live\/index.php\/2025\/03\/19\/pesta-porcina-la-ferma-din-roscani-peste-2-000-de-porci-sacrificati-in-aceasta-dimineata\/"},"modified":"2025-03-19T13:40:56","modified_gmt":"2025-03-19T11:40:56","slug":"pesta-porcina-la-ferma-din-roscani-peste-2-000-de-porci-sacrificati-in-aceasta-dimineata","status":"publish","type":"post","link":"https:\/\/orheifm.live\/index.php\/2025\/03\/19\/pesta-porcina-la-ferma-din-roscani-peste-2-000-de-porci-sacrificati-in-aceasta-dimineata\/","title":{"rendered":"Pesta porcin\u0103 la ferma din Ro\u0219cani: Peste 2.000 de porci sacrifica\u021bi \u00een aceast\u0103 diminea\u021b\u0103"},"content":{"rendered":"<div>\n<p data-start=\"101\" data-end=\"377\"><strong>Peste 2.000 de porci au fost sacrifica\u021bi la ferma din Ro\u0219cani, raionul Anenii Noi, unde a fost confirmat un focar de pest\u0103 porcin\u0103 african\u0103 la aproximativ 65.000 de animale. Anun\u021bul a fost f\u0103cut de purt\u0103torul de cuv\u00e2nt al Guvernului, Daniel Vod\u0103, \u00eentr-o conferin\u021b\u0103 de pres\u0103.<\/strong><\/p>\n<p data-start=\"379\" data-end=\"702\">Procesul de lichidare a focarului este \u00een desf\u0103\u0219urare, sub coordonarea Comisiei pentru Situa\u021bii Excep\u021bionale, iar autorit\u0103\u021bile depun eforturi pentru a preveni r\u0103sp\u00e2ndirea virusului. Echipele ANSA, medicii veterinari \u0219i for\u021bele de ordine monitorizeaz\u0103 permanent situa\u021bia \u0219i au intensificat m\u0103surile de dezinfec\u021bie \u00een zon\u0103.<\/p>\n<p data-start=\"704\" data-end=\"988\">Guvernul analizeaz\u0103 impactul economic al focarului \u0219i posibilitatea acord\u0103rii de compensa\u021bii antreprenorului afectat. Totodat\u0103, ANSA solicit\u0103 proprietarilor de porcine s\u0103 anun\u021be autorit\u0103\u021bile \u00een cazul \u00eemboln\u0103virii sau mortalit\u0103\u021bii animalelor \u0219i s\u0103 respecte m\u0103surile de biosecuritate.<\/p>\n<p data-start=\"990\" data-end=\"1139\" data-is-last-node=\"\" data-is-only-node=\"\">De la \u00eenceputul anului 2025, \u00een Republica Moldova au fost depistate peste 30 de focare de pest\u0103 porcin\u0103, o parte dintre acestea fiind deja eradicate.<\/p>\n<\/div>\n","protected":false},"excerpt":{"rendered":"<div><img loading=\"lazy\" decoding=\"async\" width=\"696\" height=\"392\" src=\"https:\/\/canal5.md\/wp-content\/uploads\/2025\/03\/834e75f9d9a62189e19269904c0ac786-optimized.jpg\" class=\"attachment-large size-large wp-post-image\" alt=\"\" srcset=\"https:\/\/canal5.md\/wp-content\/uploads\/2025\/03\/834e75f9d9a62189e19269904c0ac786-optimized.jpg 809w, https:\/\/canal5.md\/wp-content\/uploads\/2025\/03\/834e75f9d9a62189e19269904c0ac786-300x169-optimized.jpg 300w, https:\/\/canal5.md\/wp-content\/uploads\/2025\/03\/834e75f9d9a62189e19269904c0ac786-768x433-optimized.jpg 768w, https:\/\/canal5.md\/wp-content\/uploads\/2025\/03\/834e75f9d9a62189e19269904c0ac786-696x392-optimized.jpg 696w\">Peste 2.000 de porci au fost sacrifica\u021bi la ferma din Ro\u0219cani, raionul Anenii Noi, unde a fost confirmat un focar de pest\u0103 porcin\u0103 african\u0103 la aproximativ 65.000 de animale. Anun\u021bul a fost f\u0103cut de purt\u0103torul de cuv\u00e2nt al Guvernului, Daniel Vod\u0103, \u00eentr-o conferin\u021b\u0103 de pres\u0103. Procesul de lichidare a focarului este \u00een desf\u0103\u0219urare, sub coordonarea [\u2026]<\/div>\n","protected":false},"author":1,"featured_media":69348,"comment_status":"closed","ping_status":"closed","sticky":false,"template":"","format":"standard","meta":{"jnews-multi-image_gallery":[],"jnews_single_post":[],"jnews_primary_category":[],"jnews_social_meta":[],"jnews_override_counter":[],"footnotes":""},"categories":[30],"tags":[],"class_list":["post-69347","post","type-post","status-publish","format-standard","has-post-thumbnail","hentry","category-social_ro"],"_links":{"self":[{"href":"https:\/\/orheifm.live\/index.php\/wp-json\/wp\/v2\/posts\/69347","targetHints":{"allow":["GET"]}}],"collection":[{"href":"https:\/\/orheifm.live\/index.php\/wp-json\/wp\/v2\/posts"}],"about":[{"href":"https:\/\/orheifm.live\/index.php\/wp-json\/wp\/v2\/types\/post"}],"author":[{"embeddable":true,"href":"https:\/\/orheifm.live\/index.php\/wp-json\/wp\/v2\/users\/1"}],"replies":[{"embeddable":true,"href":"https:\/\/orheifm.live\/index.php\/wp-json\/wp\/v2\/comments?post=69347"}],"version-history":[{"count":0,"href":"https:\/\/orheifm.live\/index.php\/wp-json\/wp\/v2\/posts\/69347\/revisions"}],"wp:featuredmedia":[{"embeddable":true,"href":"https:\/\/orheifm.live\/index.php\/wp-json\/wp\/v2\/media\/69348"}],"wp:attachment":[{"href":"https:\/\/orheifm.live\/index.php\/wp-json\/wp\/v2\/media?parent=69347"}],"wp:term":[{"taxonomy":"category","embeddable":true,"href":"https:\/\/orheifm.live\/index.php\/wp-json\/wp\/v2\/categories?post=69347"},{"taxonomy":"post_tag","embeddable":true,"href":"https:\/\/orheifm.live\/index.php\/wp-json\/wp\/v2\/tags?post=69347"}],"curies":[{"name":"wp","href":"https:\/\/api.w.org\/{rel}","templated":true}]}}