{"id":69343,"date":"2025-03-19T12:00:23","date_gmt":"2025-03-19T10:00:23","guid":{"rendered":"https:\/\/orheifm.live\/index.php\/2025\/03\/19\/primarul-istanbulului-ekrem-imamoglu-retinut-in-cadrul-unei-anchete-de-coruptie\/"},"modified":"2025-03-19T12:00:23","modified_gmt":"2025-03-19T10:00:23","slug":"primarul-istanbulului-ekrem-imamoglu-retinut-in-cadrul-unei-anchete-de-coruptie","status":"publish","type":"post","link":"https:\/\/orheifm.live\/index.php\/2025\/03\/19\/primarul-istanbulului-ekrem-imamoglu-retinut-in-cadrul-unei-anchete-de-coruptie\/","title":{"rendered":"Primarul Istanbulului, Ekrem \u0130mamo\u011flu, re\u021binut \u00een cadrul unei anchete de corup\u021bie"},"content":{"rendered":"<div>\n<p><strong>Autorit\u0103\u021bile turce au ordonat re\u021binerea primarului Istanbulului, Ekrem \u0130mamo\u011flu, \u0219i a altor aproximativ 100 de persoane, inclusiv jurnali\u0219ti \u0219i oameni de afaceri, \u00eentr-o anchet\u0103 de corup\u021bie, conform site-ului de \u0219tiri Sabah. <\/strong><\/p>\n<p>Re\u021binerea survine cu c\u00e2teva zile \u00eenainte ca \u0130mamo\u011flu s\u0103 fie desemnat candidatul opozi\u021biei la preziden\u021bialele din 2028. Pe 17 martie, Universitatea din Istanbul a anun\u021bat c\u0103 i-a anulat diploma de licen\u021b\u0103, consider\u00e2nd-o invalid\u0103 din cauza unor nereguli, ceea ce \u00eel \u00eempiedic\u0103 pe \u0130mamo\u011flu s\u0103 candideze.<\/p>\n<p>Acesta a contestat decizia \u0219i a anun\u021bat c\u0103 va lansa o ac\u021biune \u00een justi\u021bie, consider\u00e2nd-o ilegal\u0103.<\/p>\n<p>Re\u021binerea sa \u0219i anularea diplomei sunt v\u0103zute ca o lovitur\u0103 politic\u0103 \u0219i un atac asupra opozi\u021biei, \u00een contextul unei represiuni tot mai mari asupra liderilor opozi\u021biei din Turcia.<\/p>\n<\/div>\n","protected":false},"excerpt":{"rendered":"<div><img loading=\"lazy\" decoding=\"async\" width=\"696\" height=\"393\" src=\"https:\/\/canal5.md\/wp-content\/uploads\/2025\/03\/odamad00ndamagfzad03ogeymji3ymrjmgixnmvlytu4nmuzywq2zdzjmzkwna.thumb_-optimized.jpg\" class=\"attachment-large size-large wp-post-image\" alt=\"\" srcset=\"https:\/\/canal5.md\/wp-content\/uploads\/2025\/03\/odamad00ndamagfzad03ogeymji3ymrjmgixnmvlytu4nmuzywq2zdzjmzkwna.thumb_-optimized.jpg 780w, https:\/\/canal5.md\/wp-content\/uploads\/2025\/03\/odamad00ndamagfzad03ogeymji3ymrjmgixnmvlytu4nmuzywq2zdzjmzkwna.thumb_-300x169-optimized.jpg 300w, https:\/\/canal5.md\/wp-content\/uploads\/2025\/03\/odamad00ndamagfzad03ogeymji3ymrjmgixnmvlytu4nmuzywq2zdzjmzkwna.thumb_-768x433-optimized.jpg 768w, https:\/\/canal5.md\/wp-content\/uploads\/2025\/03\/odamad00ndamagfzad03ogeymji3ymrjmgixnmvlytu4nmuzywq2zdzjmzkwna.thumb_-696x393-optimized.jpg 696w\">Autorit\u0103\u021bile turce au ordonat re\u021binerea primarului Istanbulului, Ekrem \u0130mamo\u011flu, \u0219i a altor aproximativ 100 de persoane, inclusiv jurnali\u0219ti \u0219i oameni de afaceri, \u00eentr-o anchet\u0103 de corup\u021bie, conform site-ului de \u0219tiri Sabah. Re\u021binerea survine cu c\u00e2teva zile \u00eenainte ca \u0130mamo\u011flu s\u0103 fie desemnat candidatul opozi\u021biei la preziden\u021bialele din 2028. Pe 17 martie, Universitatea din Istanbul a [\u2026]<\/div>\n","protected":false},"author":1,"featured_media":69344,"comment_status":"closed","ping_status":"closed","sticky":false,"template":"","format":"standard","meta":{"jnews-multi-image_gallery":[],"jnews_single_post":[],"jnews_primary_category":[],"jnews_social_meta":[],"jnews_override_counter":[],"footnotes":""},"categories":[30],"tags":[],"class_list":["post-69343","post","type-post","status-publish","format-standard","has-post-thumbnail","hentry","category-social_ro"],"_links":{"self":[{"href":"https:\/\/orheifm.live\/index.php\/wp-json\/wp\/v2\/posts\/69343","targetHints":{"allow":["GET"]}}],"collection":[{"href":"https:\/\/orheifm.live\/index.php\/wp-json\/wp\/v2\/posts"}],"about":[{"href":"https:\/\/orheifm.live\/index.php\/wp-json\/wp\/v2\/types\/post"}],"author":[{"embeddable":true,"href":"https:\/\/orheifm.live\/index.php\/wp-json\/wp\/v2\/users\/1"}],"replies":[{"embeddable":true,"href":"https:\/\/orheifm.live\/index.php\/wp-json\/wp\/v2\/comments?post=69343"}],"version-history":[{"count":0,"href":"https:\/\/orheifm.live\/index.php\/wp-json\/wp\/v2\/posts\/69343\/revisions"}],"wp:featuredmedia":[{"embeddable":true,"href":"https:\/\/orheifm.live\/index.php\/wp-json\/wp\/v2\/media\/69344"}],"wp:attachment":[{"href":"https:\/\/orheifm.live\/index.php\/wp-json\/wp\/v2\/media?parent=69343"}],"wp:term":[{"taxonomy":"category","embeddable":true,"href":"https:\/\/orheifm.live\/index.php\/wp-json\/wp\/v2\/categories?post=69343"},{"taxonomy":"post_tag","embeddable":true,"href":"https:\/\/orheifm.live\/index.php\/wp-json\/wp\/v2\/tags?post=69343"}],"curies":[{"name":"wp","href":"https:\/\/api.w.org\/{rel}","templated":true}]}}