{"id":69339,"date":"2025-03-19T11:20:57","date_gmt":"2025-03-19T09:20:57","guid":{"rendered":"https:\/\/orheifm.live\/index.php\/2025\/03\/19\/tanar-sanctionat-pentru-manevre-periculoase-in-trafic\/"},"modified":"2025-03-19T11:20:57","modified_gmt":"2025-03-19T09:20:57","slug":"tanar-sanctionat-pentru-manevre-periculoase-in-trafic","status":"publish","type":"post","link":"https:\/\/orheifm.live\/index.php\/2025\/03\/19\/tanar-sanctionat-pentru-manevre-periculoase-in-trafic\/","title":{"rendered":"T\u00e2n\u0103r sanc\u021bionat pentru manevre periculoase \u00een trafic"},"content":{"rendered":"<div>\n<p><strong>Poli\u021bia a identificat \u0219i sanc\u021bionat un \u0219ofer de 25 de ani, care a fost surprins efectu\u00e2nd manevre periculoase pe drumurile din localitatea Peresecina, raionul Orhei, pe 17 martie.<\/strong><\/p>\n<p>T\u00e2n\u0103rul, aflat la volanul unui Seat, a \u00eenc\u0103lcat grav regulile de circula\u021bie \u0219i a manifestat un comportament agresiv, pun\u00e2nd \u00een pericol siguran\u021ba celorlal\u021bi participan\u021bi la trafic.<\/p>\n<p>Cazul a fost transmis instan\u021bei de judecat\u0103, care va decide aplicarea sanc\u021biunii de privare a dreptului de a conduce pentru o perioad\u0103 de la 6 luni la un an.<\/p>\n<\/div>\n","protected":false},"excerpt":{"rendered":"<div><img loading=\"lazy\" decoding=\"async\" width=\"696\" height=\"464\" src=\"https:\/\/canal5.md\/wp-content\/uploads\/2025\/03\/snimok-ekrana-2025-03-19-093409-1024x683-optimized.png\" class=\"attachment-large size-large wp-post-image\" alt=\"\" srcset=\"https:\/\/canal5.md\/wp-content\/uploads\/2025\/03\/snimok-ekrana-2025-03-19-093409-1024x683-optimized.png 1024w, https:\/\/canal5.md\/wp-content\/uploads\/2025\/03\/snimok-ekrana-2025-03-19-093409-300x200-optimized.png 300w, https:\/\/canal5.md\/wp-content\/uploads\/2025\/03\/snimok-ekrana-2025-03-19-093409-768x512-optimized.png 768w, https:\/\/canal5.md\/wp-content\/uploads\/2025\/03\/snimok-ekrana-2025-03-19-093409-696x464-optimized.png 696w, https:\/\/canal5.md\/wp-content\/uploads\/2025\/03\/snimok-ekrana-2025-03-19-093409-1068x712-optimized.png 1068w, https:\/\/canal5.md\/wp-content\/uploads\/2025\/03\/snimok-ekrana-2025-03-19-093409-optimized.png 1090w\">Poli\u021bia a identificat \u0219i sanc\u021bionat un \u0219ofer de 25 de ani, care a fost surprins efectu\u00e2nd manevre periculoase pe drumurile din localitatea Peresecina, raionul Orhei, pe 17 martie. T\u00e2n\u0103rul, aflat la volanul unui Seat, a \u00eenc\u0103lcat grav regulile de circula\u021bie \u0219i a manifestat un comportament agresiv, pun\u00e2nd \u00een pericol siguran\u021ba celorlal\u021bi participan\u021bi la trafic. Cazul [\u2026]<\/div>\n","protected":false},"author":1,"featured_media":69340,"comment_status":"closed","ping_status":"closed","sticky":false,"template":"","format":"standard","meta":{"jnews-multi-image_gallery":[],"jnews_single_post":[],"jnews_primary_category":[],"jnews_social_meta":[],"jnews_override_counter":[],"footnotes":""},"categories":[30],"tags":[],"class_list":["post-69339","post","type-post","status-publish","format-standard","has-post-thumbnail","hentry","category-social_ro"],"_links":{"self":[{"href":"https:\/\/orheifm.live\/index.php\/wp-json\/wp\/v2\/posts\/69339","targetHints":{"allow":["GET"]}}],"collection":[{"href":"https:\/\/orheifm.live\/index.php\/wp-json\/wp\/v2\/posts"}],"about":[{"href":"https:\/\/orheifm.live\/index.php\/wp-json\/wp\/v2\/types\/post"}],"author":[{"embeddable":true,"href":"https:\/\/orheifm.live\/index.php\/wp-json\/wp\/v2\/users\/1"}],"replies":[{"embeddable":true,"href":"https:\/\/orheifm.live\/index.php\/wp-json\/wp\/v2\/comments?post=69339"}],"version-history":[{"count":0,"href":"https:\/\/orheifm.live\/index.php\/wp-json\/wp\/v2\/posts\/69339\/revisions"}],"wp:featuredmedia":[{"embeddable":true,"href":"https:\/\/orheifm.live\/index.php\/wp-json\/wp\/v2\/media\/69340"}],"wp:attachment":[{"href":"https:\/\/orheifm.live\/index.php\/wp-json\/wp\/v2\/media?parent=69339"}],"wp:term":[{"taxonomy":"category","embeddable":true,"href":"https:\/\/orheifm.live\/index.php\/wp-json\/wp\/v2\/categories?post=69339"},{"taxonomy":"post_tag","embeddable":true,"href":"https:\/\/orheifm.live\/index.php\/wp-json\/wp\/v2\/tags?post=69339"}],"curies":[{"name":"wp","href":"https:\/\/api.w.org\/{rel}","templated":true}]}}