{"id":69337,"date":"2025-03-19T11:00:54","date_gmt":"2025-03-19T09:00:54","guid":{"rendered":"https:\/\/orheifm.live\/index.php\/2025\/03\/19\/focar-de-pesta-porcina-africana-la-o-ferma-din-roscani\/"},"modified":"2025-03-19T11:00:54","modified_gmt":"2025-03-19T09:00:54","slug":"focar-de-pesta-porcina-africana-la-o-ferma-din-roscani","status":"publish","type":"post","link":"https:\/\/orheifm.live\/index.php\/2025\/03\/19\/focar-de-pesta-porcina-africana-la-o-ferma-din-roscani\/","title":{"rendered":"Focar de pest\u0103 porcin\u0103 african\u0103 la o ferm\u0103 din Ro\u0219cani"},"content":{"rendered":"<div>\n<p data-start=\"102\" data-end=\"435\"><strong>Comisia pentru Situa\u021bii Excep\u021bionale Anenii Noi a convocat o \u0219edin\u021b\u0103 de urgen\u021b\u0103 pe 17 martie, dup\u0103 descoperirea unui focar de pest\u0103 porcin\u0103 african\u0103 la o ferm\u0103 din satul Ro\u0219cani, raionul Anenii Noi.<\/strong><\/p>\n<p data-start=\"102\" data-end=\"435\">\u00cen urma riscurilor constatate, autorit\u0103\u021bile au decis sacrificarea celor aproximativ 65.000 de porci de la ferma SRL \u201eGolden Piglet\u201d.<\/p>\n<p data-start=\"437\" data-end=\"790\">Decizia a fost luat\u0103 pentru a preveni r\u0103sp\u00e2ndirea bolii \u00een gospod\u0103riile \u00eenvecinate. Porcii vor fi sacrifica\u021bi, iar carcasele \u0219i furajele vor fi distruse. Proprietarul fermei va fi compensat la pre\u021bul pie\u021bei. De asemenea, toate spa\u021biile \u0219i obiectele care au intrat \u00een contact cu animalele bolnave vor fi dezinfectate conform reglement\u0103rilor veterinare.<\/p>\n<p data-start=\"792\" data-end=\"1292\" data-is-last-node=\"\" data-is-only-node=\"\">Agen\u021bia Na\u021bional\u0103 pentru Siguran\u021ba Alimentelor (ANSA) a informat, la 16 martie, despre depistarea focarului \u0219i a cerut proprietarilor de porcine s\u0103 informeze autorit\u0103\u021bile \u00een caz de \u00eemboln\u0103vire sau moarte a animalelor. ANSA a recomandat, de asemenea, evitarea utiliz\u0103rii resturilor culinare \u00een hrana porcinelor \u0219i respectarea strict\u0103 a m\u0103surilor de biosecuritate. De asemenea, a avertizat \u00eempotriva aducerii \u00een Moldova a c\u0103rnii de porc din \u021b\u0103rile vecine, deoarece aceasta va fi confiscat\u0103 \u0219i distrus\u0103.<\/p>\n<\/div>\n","protected":false},"excerpt":{"rendered":"<div><img loading=\"lazy\" decoding=\"async\" width=\"696\" height=\"392\" src=\"https:\/\/canal5.md\/wp-content\/uploads\/2025\/03\/2f4610e33a63c564201636df98453eaf2882bf5f61be876bc339cec799ae312f-optimized.jpg\" class=\"attachment-large size-large wp-post-image\" alt=\"\" srcset=\"https:\/\/canal5.md\/wp-content\/uploads\/2025\/03\/2f4610e33a63c564201636df98453eaf2882bf5f61be876bc339cec799ae312f-optimized.jpg 800w, https:\/\/canal5.md\/wp-content\/uploads\/2025\/03\/2f4610e33a63c564201636df98453eaf2882bf5f61be876bc339cec799ae312f-300x169-optimized.jpg 300w, https:\/\/canal5.md\/wp-content\/uploads\/2025\/03\/2f4610e33a63c564201636df98453eaf2882bf5f61be876bc339cec799ae312f-768x432-optimized.jpg 768w, https:\/\/canal5.md\/wp-content\/uploads\/2025\/03\/2f4610e33a63c564201636df98453eaf2882bf5f61be876bc339cec799ae312f-696x392-optimized.jpg 696w\">Comisia pentru Situa\u021bii Excep\u021bionale Anenii Noi a convocat o \u0219edin\u021b\u0103 de urgen\u021b\u0103 pe 17 martie, dup\u0103 descoperirea unui focar de pest\u0103 porcin\u0103 african\u0103 la o ferm\u0103 din satul Ro\u0219cani, raionul Anenii Noi. \u00cen urma riscurilor constatate, autorit\u0103\u021bile au decis sacrificarea celor aproximativ 65.000 de porci de la ferma SRL \u201eGolden Piglet\u201d. Decizia a fost luat\u0103 [\u2026]<\/div>\n","protected":false},"author":1,"featured_media":69338,"comment_status":"closed","ping_status":"closed","sticky":false,"template":"","format":"standard","meta":{"jnews-multi-image_gallery":[],"jnews_single_post":[],"jnews_primary_category":[],"jnews_social_meta":[],"jnews_override_counter":[],"footnotes":""},"categories":[30],"tags":[],"class_list":["post-69337","post","type-post","status-publish","format-standard","has-post-thumbnail","hentry","category-social_ro"],"_links":{"self":[{"href":"https:\/\/orheifm.live\/index.php\/wp-json\/wp\/v2\/posts\/69337","targetHints":{"allow":["GET"]}}],"collection":[{"href":"https:\/\/orheifm.live\/index.php\/wp-json\/wp\/v2\/posts"}],"about":[{"href":"https:\/\/orheifm.live\/index.php\/wp-json\/wp\/v2\/types\/post"}],"author":[{"embeddable":true,"href":"https:\/\/orheifm.live\/index.php\/wp-json\/wp\/v2\/users\/1"}],"replies":[{"embeddable":true,"href":"https:\/\/orheifm.live\/index.php\/wp-json\/wp\/v2\/comments?post=69337"}],"version-history":[{"count":0,"href":"https:\/\/orheifm.live\/index.php\/wp-json\/wp\/v2\/posts\/69337\/revisions"}],"wp:featuredmedia":[{"embeddable":true,"href":"https:\/\/orheifm.live\/index.php\/wp-json\/wp\/v2\/media\/69338"}],"wp:attachment":[{"href":"https:\/\/orheifm.live\/index.php\/wp-json\/wp\/v2\/media?parent=69337"}],"wp:term":[{"taxonomy":"category","embeddable":true,"href":"https:\/\/orheifm.live\/index.php\/wp-json\/wp\/v2\/categories?post=69337"},{"taxonomy":"post_tag","embeddable":true,"href":"https:\/\/orheifm.live\/index.php\/wp-json\/wp\/v2\/tags?post=69337"}],"curies":[{"name":"wp","href":"https:\/\/api.w.org\/{rel}","templated":true}]}}