{"id":69335,"date":"2025-03-19T10:40:20","date_gmt":"2025-03-19T08:40:20","guid":{"rendered":"https:\/\/orheifm.live\/index.php\/2025\/03\/19\/moldovean-retinut-la-vama-albita-pentru-furturi-auto\/"},"modified":"2025-03-19T10:40:20","modified_gmt":"2025-03-19T08:40:20","slug":"moldovean-retinut-la-vama-albita-pentru-furturi-auto","status":"publish","type":"post","link":"https:\/\/orheifm.live\/index.php\/2025\/03\/19\/moldovean-retinut-la-vama-albita-pentru-furturi-auto\/","title":{"rendered":"Moldovean re\u021binut la Vama Albi\u021ba pentru furturi auto"},"content":{"rendered":"<div>\n<p data-start=\"64\" data-end=\"250\"><strong>Un b\u0103rbat de 35 de ani, cu dubl\u0103 cet\u0103\u021benie rom\u00e2n\u0103 \u0219i moldoveneasc\u0103, a fost re\u021binut la Vama Albi\u021ba dup\u0103 ce autorit\u0103\u021bile rom\u00e2ne au descoperit c\u0103 era c\u0103utat de Italia pentru furturi auto.<\/strong><\/p>\n<p data-start=\"252\" data-end=\"596\" data-is-last-node=\"\" data-is-only-node=\"\">Pe 17 martie, \u00een timpul controlului de frontier\u0103, poli\u021bi\u0219tii au constatat c\u0103 pe numele b\u0103rbatului exista o alert\u0103 pentru punerea \u00een aplicare a unui mandat de arestare emis de autorit\u0103\u021bile italiene.<\/p>\n<p data-start=\"252\" data-end=\"596\" data-is-last-node=\"\" data-is-only-node=\"\">Acesta a fost predat echipei operative din cadrul Serviciului de Investiga\u021bii Criminale al Poli\u021biei Vaslui pentru continuarea procedurilor legale.<\/p>\n<\/div>\n","protected":false},"excerpt":{"rendered":"<div><img loading=\"lazy\" decoding=\"async\" width=\"696\" height=\"392\" src=\"https:\/\/canal5.md\/wp-content\/uploads\/2025\/03\/ecc662a8cf185f3c186c5514f34222f2e520c64f6410580741d475e3fbcdaa57-optimized.jpg\" class=\"attachment-large size-large wp-post-image\" alt=\"\" srcset=\"https:\/\/canal5.md\/wp-content\/uploads\/2025\/03\/ecc662a8cf185f3c186c5514f34222f2e520c64f6410580741d475e3fbcdaa57-optimized.jpg 800w, https:\/\/canal5.md\/wp-content\/uploads\/2025\/03\/ecc662a8cf185f3c186c5514f34222f2e520c64f6410580741d475e3fbcdaa57-300x169-optimized.jpg 300w, https:\/\/canal5.md\/wp-content\/uploads\/2025\/03\/ecc662a8cf185f3c186c5514f34222f2e520c64f6410580741d475e3fbcdaa57-768x432-optimized.jpg 768w, https:\/\/canal5.md\/wp-content\/uploads\/2025\/03\/ecc662a8cf185f3c186c5514f34222f2e520c64f6410580741d475e3fbcdaa57-696x392-optimized.jpg 696w\">Un b\u0103rbat de 35 de ani, cu dubl\u0103 cet\u0103\u021benie rom\u00e2n\u0103 \u0219i moldoveneasc\u0103, a fost re\u021binut la Vama Albi\u021ba dup\u0103 ce autorit\u0103\u021bile rom\u00e2ne au descoperit c\u0103 era c\u0103utat de Italia pentru furturi auto. Pe 17 martie, \u00een timpul controlului de frontier\u0103, poli\u021bi\u0219tii au constatat c\u0103 pe numele b\u0103rbatului exista o alert\u0103 pentru punerea \u00een aplicare a [\u2026]<\/div>\n","protected":false},"author":1,"featured_media":69336,"comment_status":"closed","ping_status":"closed","sticky":false,"template":"","format":"standard","meta":{"jnews-multi-image_gallery":[],"jnews_single_post":[],"jnews_primary_category":[],"jnews_social_meta":[],"jnews_override_counter":[],"footnotes":""},"categories":[30],"tags":[],"class_list":["post-69335","post","type-post","status-publish","format-standard","has-post-thumbnail","hentry","category-social_ro"],"_links":{"self":[{"href":"https:\/\/orheifm.live\/index.php\/wp-json\/wp\/v2\/posts\/69335","targetHints":{"allow":["GET"]}}],"collection":[{"href":"https:\/\/orheifm.live\/index.php\/wp-json\/wp\/v2\/posts"}],"about":[{"href":"https:\/\/orheifm.live\/index.php\/wp-json\/wp\/v2\/types\/post"}],"author":[{"embeddable":true,"href":"https:\/\/orheifm.live\/index.php\/wp-json\/wp\/v2\/users\/1"}],"replies":[{"embeddable":true,"href":"https:\/\/orheifm.live\/index.php\/wp-json\/wp\/v2\/comments?post=69335"}],"version-history":[{"count":0,"href":"https:\/\/orheifm.live\/index.php\/wp-json\/wp\/v2\/posts\/69335\/revisions"}],"wp:featuredmedia":[{"embeddable":true,"href":"https:\/\/orheifm.live\/index.php\/wp-json\/wp\/v2\/media\/69336"}],"wp:attachment":[{"href":"https:\/\/orheifm.live\/index.php\/wp-json\/wp\/v2\/media?parent=69335"}],"wp:term":[{"taxonomy":"category","embeddable":true,"href":"https:\/\/orheifm.live\/index.php\/wp-json\/wp\/v2\/categories?post=69335"},{"taxonomy":"post_tag","embeddable":true,"href":"https:\/\/orheifm.live\/index.php\/wp-json\/wp\/v2\/tags?post=69335"}],"curies":[{"name":"wp","href":"https:\/\/api.w.org\/{rel}","templated":true}]}}