{"id":69331,"date":"2025-03-19T09:20:35","date_gmt":"2025-03-19T07:20:35","guid":{"rendered":"https:\/\/orheifm.live\/index.php\/2025\/03\/19\/accident-violent-pe-traseul-m6-la-stauceni\/"},"modified":"2025-03-19T09:20:35","modified_gmt":"2025-03-19T07:20:35","slug":"accident-violent-pe-traseul-m6-la-stauceni","status":"publish","type":"post","link":"https:\/\/orheifm.live\/index.php\/2025\/03\/19\/accident-violent-pe-traseul-m6-la-stauceni\/","title":{"rendered":"Accident violent pe traseul M6, la St\u0103uceni"},"content":{"rendered":"<div>\n<p><strong>Un accident grav a avut loc \u00een aceast\u0103 diminea\u021b\u0103, 19 martie, la St\u0103uceni, pe traseul M6, \u00een direc\u021bia spre Bude\u0219ti.<\/strong><\/p>\n<p>Potrivit imaginilor video transmise redac\u021biei UNIMEDIA, un Range Rover s-a izbit de parapet dup\u0103 ce a intrat \u00een coliziune cu un Ford Transit.<\/p>\n<p>Deocamdat\u0103, nu se \u0219tie dac\u0103 sunt victime.<\/p>\n<\/div>\n","protected":false},"excerpt":{"rendered":"<div><img loading=\"lazy\" decoding=\"async\" width=\"696\" height=\"392\" src=\"https:\/\/canal5.md\/wp-content\/uploads\/2025\/03\/fe94110bc11acfdb64e7fbd6e250421d344aa8702d3c3341620e32a89d4a7251-optimized.jpg\" class=\"attachment-large size-large wp-post-image\" alt=\"\" srcset=\"https:\/\/canal5.md\/wp-content\/uploads\/2025\/03\/fe94110bc11acfdb64e7fbd6e250421d344aa8702d3c3341620e32a89d4a7251-optimized.jpg 800w, https:\/\/canal5.md\/wp-content\/uploads\/2025\/03\/fe94110bc11acfdb64e7fbd6e250421d344aa8702d3c3341620e32a89d4a7251-300x169-optimized.jpg 300w, https:\/\/canal5.md\/wp-content\/uploads\/2025\/03\/fe94110bc11acfdb64e7fbd6e250421d344aa8702d3c3341620e32a89d4a7251-768x432-optimized.jpg 768w, https:\/\/canal5.md\/wp-content\/uploads\/2025\/03\/fe94110bc11acfdb64e7fbd6e250421d344aa8702d3c3341620e32a89d4a7251-696x392-optimized.jpg 696w\">Un accident grav a avut loc \u00een aceast\u0103 diminea\u021b\u0103, 19 martie, la St\u0103uceni, pe traseul M6, \u00een direc\u021bia spre Bude\u0219ti. Potrivit imaginilor video transmise redac\u021biei UNIMEDIA, un Range Rover s-a izbit de parapet dup\u0103 ce a intrat \u00een coliziune cu un Ford Transit. Deocamdat\u0103, nu se \u0219tie dac\u0103 sunt victime.<\/div>\n","protected":false},"author":1,"featured_media":69332,"comment_status":"closed","ping_status":"closed","sticky":false,"template":"","format":"standard","meta":{"jnews-multi-image_gallery":[],"jnews_single_post":[],"jnews_primary_category":[],"jnews_social_meta":[],"jnews_override_counter":[],"footnotes":""},"categories":[30],"tags":[],"class_list":["post-69331","post","type-post","status-publish","format-standard","has-post-thumbnail","hentry","category-social_ro"],"_links":{"self":[{"href":"https:\/\/orheifm.live\/index.php\/wp-json\/wp\/v2\/posts\/69331","targetHints":{"allow":["GET"]}}],"collection":[{"href":"https:\/\/orheifm.live\/index.php\/wp-json\/wp\/v2\/posts"}],"about":[{"href":"https:\/\/orheifm.live\/index.php\/wp-json\/wp\/v2\/types\/post"}],"author":[{"embeddable":true,"href":"https:\/\/orheifm.live\/index.php\/wp-json\/wp\/v2\/users\/1"}],"replies":[{"embeddable":true,"href":"https:\/\/orheifm.live\/index.php\/wp-json\/wp\/v2\/comments?post=69331"}],"version-history":[{"count":0,"href":"https:\/\/orheifm.live\/index.php\/wp-json\/wp\/v2\/posts\/69331\/revisions"}],"wp:featuredmedia":[{"embeddable":true,"href":"https:\/\/orheifm.live\/index.php\/wp-json\/wp\/v2\/media\/69332"}],"wp:attachment":[{"href":"https:\/\/orheifm.live\/index.php\/wp-json\/wp\/v2\/media?parent=69331"}],"wp:term":[{"taxonomy":"category","embeddable":true,"href":"https:\/\/orheifm.live\/index.php\/wp-json\/wp\/v2\/categories?post=69331"},{"taxonomy":"post_tag","embeddable":true,"href":"https:\/\/orheifm.live\/index.php\/wp-json\/wp\/v2\/tags?post=69331"}],"curies":[{"name":"wp","href":"https:\/\/api.w.org\/{rel}","templated":true}]}}