{"id":69327,"date":"2025-03-18T23:11:15","date_gmt":"2025-03-18T21:11:15","guid":{"rendered":"https:\/\/orheifm.live\/index.php\/2025\/03\/18\/trei-oameni-au-murit-dupa-prabusirea-unui-avion-de-mici-dimensiuni-in-elvetia\/"},"modified":"2025-03-18T23:11:15","modified_gmt":"2025-03-18T21:11:15","slug":"trei-oameni-au-murit-dupa-prabusirea-unui-avion-de-mici-dimensiuni-in-elvetia","status":"publish","type":"post","link":"https:\/\/orheifm.live\/index.php\/2025\/03\/18\/trei-oameni-au-murit-dupa-prabusirea-unui-avion-de-mici-dimensiuni-in-elvetia\/","title":{"rendered":"Trei oameni au murit dup\u0103 pr\u0103bu\u015firea unui avion de mici dimensiuni \u00een Elve\u0163ia"},"content":{"rendered":"<div>\n<p><strong>Trei oameni au murit dup\u0103 pr\u0103bu\u015firea unui avion de mici dimensiuni, luni dup\u0103-amiaz\u0103, \u00een Elve\u0163ia, a informat mar\u0163i poli\u0163ia cantonului Graubuenden din estul Elve\u0163iei, potrivit Reuters. Scrie <a href=\"https:\/\/adevarul.ro\/stiri-externe\/europa\/trei-oameni-au-murit-dupa-prabusirea-unui-avion-de-2429567.html\">adevarul.ro<\/a><\/strong><\/p>\n<p>Victimele accidentului aviatic nu au fost \u00eenc\u0103 identificate. O anchet\u0103 a fost deschis\u0103 pentru a afla motivele accidentului, scrie publica\u0163ia elve\u0163ian\u0103 Le Matin, scrie Agerpres.<\/p>\n<p>Avionul, un monomotor cu elice Extra EA-400, a decolat de pe aeroportul Samedan la ora local\u0103 17:20 \u015fi urma\u00a0s\u0103 ajung\u0103 \u00een Danemarca.<\/p>\n<p>\u00cens\u0103 aparatul\u00a0s-a pr\u0103bu\u015fit la nici dou\u0103 minute\u00a0mai t\u00e2rziu \u00eentr-o zon\u0103 populat\u0103 de la marginea nordic\u0103 a satului La Punt-Chamues-ch. Avionul a luat foc \u015fi a ars complet.<\/p>\n<\/div>\n","protected":false},"excerpt":{"rendered":"<div><img loading=\"lazy\" decoding=\"async\" width=\"696\" height=\"392\" src=\"https:\/\/canal5.md\/wp-content\/uploads\/2025\/03\/489d81afb966cc3115bcb653b6d57cff-optimized.jpg\" class=\"attachment-large size-large wp-post-image\" alt=\"\" srcset=\"https:\/\/canal5.md\/wp-content\/uploads\/2025\/03\/489d81afb966cc3115bcb653b6d57cff-optimized.jpg 700w, https:\/\/canal5.md\/wp-content\/uploads\/2025\/03\/489d81afb966cc3115bcb653b6d57cff-300x169-optimized.jpg 300w, https:\/\/canal5.md\/wp-content\/uploads\/2025\/03\/489d81afb966cc3115bcb653b6d57cff-696x392-optimized.jpg 696w\">Trei oameni au murit dup\u0103 pr\u0103bu\u015firea unui avion de mici dimensiuni, luni dup\u0103-amiaz\u0103, \u00een Elve\u0163ia, a informat mar\u0163i poli\u0163ia cantonului Graubuenden din estul Elve\u0163iei, potrivit Reuters. Scrie adevarul.ro Victimele accidentului aviatic nu au fost \u00eenc\u0103 identificate. O anchet\u0103 a fost deschis\u0103 pentru a afla motivele accidentului, scrie publica\u0163ia elve\u0163ian\u0103 Le Matin, scrie Agerpres. Avionul, un [\u2026]<\/div>\n","protected":false},"author":1,"featured_media":69328,"comment_status":"closed","ping_status":"closed","sticky":false,"template":"","format":"standard","meta":{"jnews-multi-image_gallery":[],"jnews_single_post":[],"jnews_primary_category":[],"jnews_social_meta":[],"jnews_override_counter":[],"footnotes":""},"categories":[29],"tags":[],"class_list":["post-69327","post","type-post","status-publish","format-standard","has-post-thumbnail","hentry","category-externe_ro"],"_links":{"self":[{"href":"https:\/\/orheifm.live\/index.php\/wp-json\/wp\/v2\/posts\/69327","targetHints":{"allow":["GET"]}}],"collection":[{"href":"https:\/\/orheifm.live\/index.php\/wp-json\/wp\/v2\/posts"}],"about":[{"href":"https:\/\/orheifm.live\/index.php\/wp-json\/wp\/v2\/types\/post"}],"author":[{"embeddable":true,"href":"https:\/\/orheifm.live\/index.php\/wp-json\/wp\/v2\/users\/1"}],"replies":[{"embeddable":true,"href":"https:\/\/orheifm.live\/index.php\/wp-json\/wp\/v2\/comments?post=69327"}],"version-history":[{"count":0,"href":"https:\/\/orheifm.live\/index.php\/wp-json\/wp\/v2\/posts\/69327\/revisions"}],"wp:featuredmedia":[{"embeddable":true,"href":"https:\/\/orheifm.live\/index.php\/wp-json\/wp\/v2\/media\/69328"}],"wp:attachment":[{"href":"https:\/\/orheifm.live\/index.php\/wp-json\/wp\/v2\/media?parent=69327"}],"wp:term":[{"taxonomy":"category","embeddable":true,"href":"https:\/\/orheifm.live\/index.php\/wp-json\/wp\/v2\/categories?post=69327"},{"taxonomy":"post_tag","embeddable":true,"href":"https:\/\/orheifm.live\/index.php\/wp-json\/wp\/v2\/tags?post=69327"}],"curies":[{"name":"wp","href":"https:\/\/api.w.org\/{rel}","templated":true}]}}