{"id":69323,"date":"2025-03-18T22:06:36","date_gmt":"2025-03-18T20:06:36","guid":{"rendered":"https:\/\/orheifm.live\/index.php\/2025\/03\/18\/si-din-nou-duble-standarde-comisia-electorala-centrala-refuza-sa-verifice-finantarea-pas-din-partea-usaid-cu-ce-scuze-video\/"},"modified":"2025-03-18T22:06:36","modified_gmt":"2025-03-18T20:06:36","slug":"si-din-nou-duble-standarde-comisia-electorala-centrala-refuza-sa-verifice-finantarea-pas-din-partea-usaid-cu-ce-scuze-video","status":"publish","type":"post","link":"https:\/\/orheifm.live\/index.php\/2025\/03\/18\/si-din-nou-duble-standarde-comisia-electorala-centrala-refuza-sa-verifice-finantarea-pas-din-partea-usaid-cu-ce-scuze-video\/","title":{"rendered":"\u0218i din nou duble standarde! Comisia Electoral\u0103 Central\u0103 refuz\u0103 s\u0103 verifice finan\u021barea PAS din partea USAID. Cu ce scuze? |VIDEO"},"content":{"rendered":"<div>\n<p><strong>\u00cen ciuda acuza\u021biilor legate de finan\u021bare prin proiectele USAID, considerat\u0103 \u00een SUA organiza\u021bie criminal\u0103, Comisia Electoral\u0103 Central\u0103 refuz\u0103 s\u0103 ini\u021bieze verificarea surselor de finan\u021bare ale PAS, invoc\u00e2nd lipsa sesiz\u0103rilor oficiale \u0219i a dovezilor clare. <\/strong><br \/>\n<iframe loading=\"lazy\" title=\"YouTube video player\" src=\"https:\/\/www.youtube.com\/embed\/sxHrQlHRQac?si=pCcEIdAW2Gp6eesi\" width=\"560\" height=\"315\" frameborder=\"0\" allowfullscreen=\"allowfullscreen\"><\/iframe><br \/>\nDasemenea, reprezentan\u021bii CEC au declarat pentru Canal 5 c\u0103 orice acuza\u021bie de ilegalitate trebuie sus\u021binut\u0103 de hot\u0103r\u00e2ri judec\u0103tore\u0219ti definitive \u0219i nu de simple afirma\u021bii. Iar pre\u0219edintele Parlamentului, Igor Grosu, sus\u021bine c\u0103 sursele de finan\u021bare ale partidului sunt corect raportate la CEC \u0219i FISC, iar verificarea acestora nu este necesar\u0103.<\/p>\n<p>\u00centrebat de reporterul Canal 5 de ce Comisia Electoral\u0103 Central\u0103 nu ini\u021biaz\u0103 verificarea surselor de finan\u021bare ale PAS, av\u00e2nd \u00een vedere informa\u021biile despre finan\u021barea forma\u021biunii prin proiectele USAID \u0219i lu\u00e2nd \u00een considrare c\u0103 finan\u021barea extern\u0103 este ilegal\u0103, vicepre\u0219edintele Comisiei Electorale Centrale, Pavel Postic\u0103, a explicat c\u0103, p\u00e2n\u0103 \u00een prezent, nu a fost depus\u0103 nicio sesizare referitoare la ilegalitatea finan\u021b\u0103rii PAS prin proiectele USAID.<\/p>\n<p>\u00cen absen\u021ba unor astfel de sesiz\u0103ri, nu exist\u0103 motive pentru a ini\u021bia o verificare a surselor de finan\u021bare, spune Postica.<\/p>\n<p>PAVEL POSTICA, vicepre\u0219edintele CEC<\/p>\n<p>\u2013 Noi nu am primit nicio sesizare \u00een ceea ce prive\u0219te, a\u0219a cum a\u021bi men\u021bionat Dvs, finan\u021barea ilegal\u0103 a unui partid politic din Republica Moldova de c\u0103tre sursele USAID. Vreau s\u0103 mai men\u021bionez un lucru foarte important, care probabil nu \u00eel cunoa\u0219te\u021bi, atunci c\u00e2nd vine vorba de finan\u021b\u0103rile din partea partenerilor de dezvoltare.<\/p>\n<p>\u00cen mare parte ele sunt scutite de TVA, ele sunt aprobate prin hot\u0103r\u00e2ri de Guvern, \u00eencep\u00e2nd cu primele suporturi financiare de prin anii 90, care au venit \u00een adresa Republicii Moldova, \u0219i p\u00e2n\u0103 la momentul de fa\u021b\u0103.<\/p>\n<p>Referitor la afirma\u021biile, precum c\u0103 organiza\u021bia USAID ar fi finan\u021bat presa \u0219i ONG-urile care au sus\u021binut-o pe Maia Sandu \u0219i referendumul, Pavel Postic\u0103 a subliniat c\u0103 orice acuza\u021bie de ilegalitate trebuie s\u0103 fie dovedit\u0103 prin hot\u0103r\u00e2ri judec\u0103tore\u0219ti definitive, iar Curtea Constitu\u021bional\u0103 nu a emis astfel de decizii \u00een leg\u0103tur\u0103 cu referendumul \u0219i alegerile.<\/p>\n<p>PAVEL POSTICA, vicepre\u0219edintele CEC<\/p>\n<p>\u2013 Probabil c\u0103 Dvs a\u021bi participat la aceast\u0103 sesiune, inclusiv de deschidere a acestei conferin\u021be post-electorale. Este important un lucru care l-a men\u021bionat doamna pre\u0219edinte a Cur\u021bii Constitu\u021bionale, Dominica Manole, care a men\u021bionat foarte clar c\u0103 orice implicare pe care o consider\u0103m ilegal\u0103 trebuie s\u0103 fie probat\u0103 prin hot\u0103r\u00e2ri judec\u0103torie\u0219ti irevocabile.<\/p>\n<p>Respectiv, \u00een ceea ce preve\u0219te organizarea referendumului Republican Constitu\u021bional \u0219i alegerilor pentru func\u021bia de pre\u0219edinte a Republicii Moldova, de c\u0103tre Curtea Constitu\u021bional\u0103 nu a fost depistat\u0103 nicio hot\u0103r\u00e2re judec\u0103toreasc\u0103 definitiv\u0103 \u0219i irevocabil\u0103 care s\u0103 confirme ilegalitatea anumitor proceduri.<\/p>\n<p>La aceia\u0219i \u00eentrebare, de ce CEC nu ini\u021biaz\u0103 verificarea surselor de finan\u021bare ale PAS, pre\u0219edinta Comisiei Electorale Centrale a declarat c\u0103 discu\u021biile trebuie s\u0103 se bazeze pe dovezi \u0219i argumente solide, nu pe declara\u021bii neconfirmate, iar acuza\u021biile trebuie sus\u021binute de hot\u0103r\u00e2ri judec\u0103tore\u0219ti sau dovezi clare.<\/p>\n<p>ANGELICA CARAMAN, pre\u0219edinta CEC<\/p>\n<p>\u2013 Eu cred c\u0103 noi ar trebui s\u0103 discut\u0103m cu argumente \u0219i probe. S\u0103 discut\u0103m despre anumite afirma\u021bii cu hot\u0103r\u00e2ri ale instan\u021belor de judecat\u0103, deci cu ni\u0219te chestii probate, argumentate \u0219i nu doar cu declara\u021bii care de altfel v\u0103 apar\u021bin Dvs. \u2013 Faptul c\u0103 USAID este o organiza\u021bie criminal\u0103 a spus-o dl Elon Musk. \u2013 Reiterez, deci dincolo de aceste informa\u021bii, zic c\u0103 trebuie s\u0103 avem ni\u0219te concluzii probate, argumentate \u0219i dup\u0103 asta putem s\u0103 venim cu anumite r\u0103spunsuri.<\/p>\n<p>Referitor la afirma\u021biile c\u0103 organiza\u021bia criminal\u0103 USAID ar fi finan\u021bat presa \u0219i ONG-urile care au sus\u021binut-o pe Maia Sandu \u0219i referendumul, Angelica Caraman a declarat c\u0103 aceste acuza\u021bii trebuie analizate \u00een contextul rezultatelor concrete din societate.<br \/>\nIar pre\u0219edintele Parlamentului, Igor Grosu a declarat c\u0103 sursele de finan\u021bare ale PAS sunt corect raportate la CEC \u0219i FISC \u0219i c\u0103 nu exist\u0103 sesiz\u0103ri oficiale pentru o verificare.<\/p>\n<p>IGOR GROSU, pre\u0219edintele Parlamentului<\/p>\n<p>\u2013 De ce poli\u021bia nu ini\u021biaz\u0103 verificarea surselor de finan\u021bare ale PAS dup\u0103 informa\u021biile despre finan\u021barea prin proiectele USAID , organiza\u021bie criminal\u0103 recunoscut\u0103 \u00een SUA \u0219i av\u00e2nd \u00een vedere c\u0103 finan\u021barea extern\u0103 e ilegal\u0103? \u2013 Noi raport\u0103m toate cheltuielile \u0219i la CEC, \u0219i la FISC. \u2013 Dar USAID a fost recunoscut\u0103 ca fiind o organiza\u021bie criminal\u0103. \u2013 Organiza\u021biile bandi\u021bilor \u0219i televiziunile lor nu fac dec\u00e2t s\u0103 manipuleze \u0219i s\u0103 distribuie minciuni.<\/p>\n<p>Amintim c\u0103, la \u00eenceputul lunii februarie, mai multe ONG-uri din Moldova, inclusiv, Asocia\u021bia Promo-Lex, dar \u0219i institu\u021bii media, care se declar\u0103 independente, au r\u0103mas f\u0103r\u0103 finan\u021bare din partea Agen\u021biei Statelor Unite pentru Dezvoltare Interna\u021bional\u0103, dup\u0103 ce directorul departamentului pentru eficien\u021ba guvernului din SUA, miliardarul Elon Musk, a criticat sever USAID, numind agen\u021bia o \u201eorganiza\u021bie criminal\u0103\u201d propun\u00e2nd lichidarea acesteia.<\/p>\n<p>Potrivit lui, USAID ar fi direc\u021bionat fonduri pentru crearea armelor biologice, inclusiv, a virusului COVID. \u00cen prezent, aproximativ 100 de angaja\u021bi ai institu\u021biei au fost trimi\u0219i \u00een concediu nepl\u0103tit, \u00een urma unei restructur\u0103ri administrative.<\/p>\n<\/div>\n","protected":false},"excerpt":{"rendered":"<div><img loading=\"lazy\" decoding=\"async\" width=\"480\" height=\"320\" src=\"https:\/\/canal5.md\/wp-content\/uploads\/2025\/03\/i-8-optimized.webp\" class=\"attachment-large size-large wp-post-image\" alt=\"\" srcset=\"https:\/\/canal5.md\/wp-content\/uploads\/2025\/03\/i-8-optimized.webp 480w, https:\/\/canal5.md\/wp-content\/uploads\/2025\/03\/i-8-300x200-optimized.webp 300w\">\u00cen ciuda acuza\u021biilor legate de finan\u021bare prin proiectele USAID, considerat\u0103 \u00een SUA organiza\u021bie criminal\u0103, Comisia Electoral\u0103 Central\u0103 refuz\u0103 s\u0103 ini\u021bieze verificarea surselor de finan\u021bare ale PAS, invoc\u00e2nd lipsa sesiz\u0103rilor oficiale \u0219i a dovezilor clare. Dasemenea, reprezentan\u021bii CEC au declarat pentru Canal 5 c\u0103 orice acuza\u021bie de ilegalitate trebuie sus\u021binut\u0103 de hot\u0103r\u00e2ri judec\u0103tore\u0219ti definitive \u0219i nu [\u2026]<\/div>\n","protected":false},"author":1,"featured_media":69324,"comment_status":"closed","ping_status":"closed","sticky":false,"template":"","format":"standard","meta":{"jnews-multi-image_gallery":[],"jnews_single_post":[],"jnews_primary_category":[],"jnews_social_meta":[],"jnews_override_counter":[],"footnotes":""},"categories":[23],"tags":[],"class_list":["post-69323","post","type-post","status-publish","format-standard","has-post-thumbnail","hentry","category-politica_ro"],"_links":{"self":[{"href":"https:\/\/orheifm.live\/index.php\/wp-json\/wp\/v2\/posts\/69323","targetHints":{"allow":["GET"]}}],"collection":[{"href":"https:\/\/orheifm.live\/index.php\/wp-json\/wp\/v2\/posts"}],"about":[{"href":"https:\/\/orheifm.live\/index.php\/wp-json\/wp\/v2\/types\/post"}],"author":[{"embeddable":true,"href":"https:\/\/orheifm.live\/index.php\/wp-json\/wp\/v2\/users\/1"}],"replies":[{"embeddable":true,"href":"https:\/\/orheifm.live\/index.php\/wp-json\/wp\/v2\/comments?post=69323"}],"version-history":[{"count":0,"href":"https:\/\/orheifm.live\/index.php\/wp-json\/wp\/v2\/posts\/69323\/revisions"}],"wp:featuredmedia":[{"embeddable":true,"href":"https:\/\/orheifm.live\/index.php\/wp-json\/wp\/v2\/media\/69324"}],"wp:attachment":[{"href":"https:\/\/orheifm.live\/index.php\/wp-json\/wp\/v2\/media?parent=69323"}],"wp:term":[{"taxonomy":"category","embeddable":true,"href":"https:\/\/orheifm.live\/index.php\/wp-json\/wp\/v2\/categories?post=69323"},{"taxonomy":"post_tag","embeddable":true,"href":"https:\/\/orheifm.live\/index.php\/wp-json\/wp\/v2\/tags?post=69323"}],"curies":[{"name":"wp","href":"https:\/\/api.w.org\/{rel}","templated":true}]}}