{"id":69321,"date":"2025-03-18T22:02:51","date_gmt":"2025-03-18T20:02:51","guid":{"rendered":"https:\/\/orheifm.live\/index.php\/2025\/03\/18\/regimul-sandu-pas-planuieste-sa-inchida-scolile-rusesti-si-sa-declare-limba-rusa-limba-a-agresiunii-video\/"},"modified":"2025-03-18T22:02:51","modified_gmt":"2025-03-18T20:02:51","slug":"regimul-sandu-pas-planuieste-sa-inchida-scolile-rusesti-si-sa-declare-limba-rusa-limba-a-agresiunii-video","status":"publish","type":"post","link":"https:\/\/orheifm.live\/index.php\/2025\/03\/18\/regimul-sandu-pas-planuieste-sa-inchida-scolile-rusesti-si-sa-declare-limba-rusa-limba-a-agresiunii-video\/","title":{"rendered":"Regimul Sandu-PAS pl\u0103nuie\u0219te s\u0103 \u00eenchid\u0103 \u0219colile ruse\u0219ti \u0219i s\u0103 declare limba rus\u0103 limb\u0103 a agresiunii |VIDEO"},"content":{"rendered":"<div>\n<p><strong>\u0218i totu\u0219i, actuala guvernare din Moldova nu \u0219tie s\u0103-\u0219i \u00eenve\u021be lec\u021biile din experien\u021be str\u0103ine. De aceast\u0103 dat\u0103, regimului Sandu-PAS a pus ochiul pe \u0219colile cu predare \u00een limba rus\u0103. <\/strong><br \/>\n<iframe loading=\"lazy\" title=\"YouTube video player\" src=\"https:\/\/www.youtube.com\/embed\/kPB683vVPoo?si=0lXRZe1zNHDraZuk\" width=\"560\" height=\"315\" frameborder=\"0\" allowfullscreen=\"allowfullscreen\"><\/iframe><br \/>\n\u00centr-un moment de pretins\u0103 glorie, informa\u021bia despre aceste planuri le-a sc\u0103pat, \u00een direct, la un post de televiziune pro-guvernamental, deputatei PAS Natalia Davidovici \u0219i \u0219efului ONG-ului sorosist, care fabrica sondaje false \u00een sprijinul Maiei Sandu la alegerile preziden\u021biale, WatchDog, Valeriu Pa\u0219a.<\/p>\n<p>Drept exemplu de urmat, deputata PAS Natalia Davidovici \u0219i \u0219eful WatchDog, Valeriu Pa\u0219a, au ales experien\u021ba Estoniei. Ei spun c\u0103 deja conduc Moldova pe calea estonian\u0103 pentru a elimina treptat \u0219colile cu predare \u00een limba rus\u0103. \u0218i, chipurile, \u00een acest sens, chiar a fost preg\u0103tit\u0103 baza legislativ\u0103. Aproape c\u0103 s-au luat la b\u0103taie, tr\u0103g\u00e2nd \u201eplapuma\u201d fiecare asupra sa.<\/p>\n<p>VALERIU PA\u0218A, pre\u0219edinte WatchDog<\/p>\n<p>Apropo, a\u0219 recomanda s\u0103 analiza\u021bi foarte serios experien\u021ba Estoniei. Este o experien\u021b\u0103 foarte bun\u0103, unde statul a investit multe resurse \u0219i eforturi \u2013 \u0219i acolo erau mult mai mul\u021bi cet\u0103\u021beni vorbitori de rus\u0103, inclusiv etnici ru\u0219i, dec\u00e2t \u00een Moldova. \u0218i, iat\u0103, la ei totul este deja \u00een regul\u0103, iar peste c\u00e2\u021biva ani nu vor mai exista studii \u00een limba rus\u0103.<\/p>\n<p>NATALIA DAVIDOVICI, deputat PAS<\/p>\n<p>Noi ne ghid\u0103m de experien\u021ba estonienilor drept exemplu \u0219i ne- am \u00eendreptat \u00een acea direc\u021bie. Am modificat Codul Educa\u021biei, introduc\u00e2nd conceptul de educa\u021bie multilingv\u0103, astfel \u00eenc\u00e2t \u00een \u0219colile de limb\u0103 rus\u0103 s\u0103 nu se predea doar limba rom\u00e2n\u0103 ca materie, ci \u0219i alte discipline \u00een limba rom\u00e2n\u0103, pentru a rezolva problema. Acesta este primul pas spre trecerea treptat\u0103 la predarea complet\u0103 \u00een limba rom\u00e2n\u0103.<\/p>\n<p>V\u0103 aminti\u021bi cum, \u00eenainte de alegerile preziden\u021biale, Valera \u0219i echipa sa special\u0103 d\u0103deau Estonia drept exemplu? se \u00eentreab\u0103 internau\u021bii pe re\u021belele de socializare\u2026<\/p>\n<p>La aceea\u0219i emisiune, purt\u0103torul de cuv\u00e2nt al Guvernului, Daniel Vod\u0103, a numit limba rus\u0103 \u201earm\u0103 a r\u0103zboiului informa\u021bional\u201d, \u201eminciun\u0103 \u0219i dezinformare\u201d.<\/p>\n<p>DANIEL VOD\u0102, purt\u0103tor de cuv\u00e2nt al Guvernului<\/p>\n<p>Problema const\u0103 \u00een faptul c\u0103 limba rus\u0103 este folosit\u0103 ca arm\u0103 a r\u0103zboiului informa\u021bional \u00eempotriva propriilor no\u0219tri cet\u0103\u021beni. Este evident c\u0103 aceasta este o minciun\u0103, o dezinformare care se r\u0103sp\u00e2nde\u0219te.<\/p>\n<p>Mai mult dec\u00e2t at\u00e2t. Acum c\u00e2teva zile, ministrul educa\u021biei, Dan Perciun, a declarat \u00een direct la Moldova1 c\u0103 disciplina \u201eIstoria \u0219i cultura poporului rus\u201d, care se preda anterior \u00een \u0219colile din Moldova cu predare \u00een limba rus\u0103, promova \u201enara\u021biunile Kremlinului\u201d, dar acum, datorit\u0103 elabor\u0103rii unui curriculum special, problema a fost par\u021bial rezolvat\u0103.<\/p>\n<p>DAN PERCIUN, ministrul Educa\u021biei<\/p>\n<p>Da, \u00eentr-adev\u0103r, aceast\u0103 problem\u0103 exist\u0103 \u00eenc\u0103. Anul trecut am schimbat pentru prima dat\u0103 curriculum-ul pentru aceast\u0103 disciplin\u0103 pentru clasele a 5-a \u2013 a 9-a. P\u00e2n\u0103 acum, timp de 30 de ani, \u00een Moldova nu s-a \u00eencercat s\u0103 se \u00een\u021beleag\u0103 ce ne \u00eenva\u021b\u0103 aceast\u0103 materie. \u00cen manualele pentru aceste clase, con\u021bineau, \u00een opinia mea, nara\u021biuni promovate de Kremlin, o viziune general\u0103 asupra lumii ruse.<\/p>\n<p>Acum exist\u0103 un curriculum \u0219i aceast\u0103 disciplin\u0103 acord\u0103 mai mult\u0103 aten\u021bie contribu\u021biei etnosului rus la istoria Moldovei \u0219i a statelor care au existat pe acest teritoriu, dec\u00e2t istoriei Rusiei, cum era \u00eenainte.<\/p>\n<p>\u00cen acela\u0219i timp, Perciun a declarat c\u0103, deocamdat\u0103, nu \u0219tie ce s\u0103 fac\u0103 \u00een acest sens, dar a sugerat c\u0103 \u201epoate, \u00een viitor, ar trebui s\u0103 fie emise \u0219i materiale didactice pentru profesori, nu doar un curriculum, pentru a controla mai bine ce se pred\u0103 \u00een cadrul acestei discipline\u201d.<\/p>\n<p>De\u0219i a recunoscut c\u0103 astfel de materii se predau \u00een diverse \u0219coli din Moldova, vorbind, de exemplu, despre cultura \u0219i tradi\u021biile gag\u0103uzilor, bulgarilor sau ucrainenilor, \u00een func\u021bie de etnia care formeaz\u0103 majoritatea \u00een clase.<\/p>\n<p>Perciun a subliniat, de asemenea, c\u0103 refugia\u021bii ucraineni s-au pl\u00e2ns anterior autorit\u0103\u021bilor din Moldova c\u0103 elevii sunt nevoi\u021bi s\u0103 studieze aceast\u0103 disciplin\u0103 \u00een \u0219colile de limb\u0103 rus\u0103.<\/p>\n<p>Probabil, de aceea, la cererea refugia\u021bilor ucraineni, ar trebui s\u0103 fie anulat\u0103 o astfel de materie \u00een \u0219colile cu predare \u00een limba rus\u0103, cum ar fi \u201eIstoria \u0219i cultura poporului rus\u201d, mai ales c\u0103 \u00een noul manual de Istorie al rom\u00e2nilor se spune clar despre contribu\u021bia speciali\u0219tilor vorbitori de rus\u0103 care au reconstruit Moldova sovietic\u0103 din ruine dup\u0103 al Doilea R\u0103zboi Mondial \u2014 lene\u0219i \u0219i be\u021bivi, iar criminalii nazi\u0219ti \u2014 \u201eeliberatori\u201d \u0219i \u201eeroi\u201d.<\/p>\n<p>Din acest context, este evident c\u0103 r\u0103d\u0103cinile planurilor Ministerului de a reduce orele de predare a limbii ruse \u00een \u00eentreaga \u021bar\u0103 \u0219i de a exclude cadrele didactice de limb\u0103 gag\u0103uz\u0103 din lista posturilor din gr\u0103dini\u021bele autonomiei sunt legate de acelea\u0219i inten\u021bii. Experien\u021ba Estoniei, la care se refer\u0103 deputa\u021bii PAS \u0219i despre care, probabil, viseaz\u0103 Perciun, este, \u00een \u00eentreaga Europ\u0103, mai mult dec\u00e2t negativ\u0103.<\/p>\n<p>Iat\u0103 ce scrie presa local\u0103 despre aceasta. \u00cen Estonia se face o estonizare for\u021bat\u0103 a \u0219colilor \u0219i gr\u0103dini\u021belor rusofone, ceea ce contravine practicii europene \u0219i interna\u021bionale, precum \u0219i Conven\u021biei- cadru a Consiliului Europei pentru protec\u021bia minorit\u0103\u021bilor na\u021bionale.<br \/>\nReac\u021bia popula\u021biei vorbitoare de rus\u0103 la politica na\u021bional\u0103 \u0219i lingvistic\u0103 estonian\u0103 nu a fost acceptarea acesteia, ci migrarea \u00een Rusia sau \u00een Occident.<\/p>\n<p>Drept urmare, comparativ cu sf\u00e2r\u0219itul anilor \u201980, num\u0103rul vorbitorilor de rus\u0103 din Estonia s-a redus aproape la jum\u0103tate. Poate c\u0103 cei din PAS \u00eencearc\u0103 s\u0103 ob\u021bin\u0103 acela\u0219i lucru, copiind exemplul republicii baltice?<\/p>\n<p>Aceast\u0103 experien\u021b\u0103 nu face din Estonia o \u021bar\u0103 mai civilizat\u0103 \u0219i european\u0103.<br \/>\n\u00cen schimb, exist\u0103 o alt\u0103 experien\u021b\u0103 pozitiv\u0103 a \u021b\u0103rilor UE. Doar c\u0103, dintr-un motiv sau altul, regimul Sandu-PAS nu o ia \u00een considerare.<\/p>\n<\/div>\n","protected":false},"excerpt":{"rendered":"<div><img decoding=\"async\" width=\"696\" height=\"521\" src=\"https:\/\/canal5.md\/wp-content\/uploads\/2023\/12\/pas-1024x767-optimized.webp\" class=\"attachment-large size-large wp-post-image\" alt=\"\" loading=\"lazy\" srcset=\"https:\/\/canal5.md\/wp-content\/uploads\/2023\/12\/pas-1024x767-optimized.webp 1024w, https:\/\/canal5.md\/wp-content\/uploads\/2023\/12\/pas-300x225-optimized.webp 300w, https:\/\/canal5.md\/wp-content\/uploads\/2023\/12\/pas-768x576-optimized.webp 768w, https:\/\/canal5.md\/wp-content\/uploads\/2023\/12\/pas-1536x1151-optimized.webp 1536w, https:\/\/canal5.md\/wp-content\/uploads\/2023\/12\/pas-696x522-optimized.webp 696w, https:\/\/canal5.md\/wp-content\/uploads\/2023\/12\/pas-1068x800-optimized.webp 1068w, https:\/\/canal5.md\/wp-content\/uploads\/2023\/12\/pas-jpg-optimized.webp 1920w\">\u0218i totu\u0219i, actuala guvernare din Moldova nu \u0219tie s\u0103-\u0219i \u00eenve\u021be lec\u021biile din experien\u021be str\u0103ine. De aceast\u0103 dat\u0103, regimului Sandu-PAS a pus ochiul pe \u0219colile cu predare \u00een limba rus\u0103. \u00centr-un moment de pretins\u0103 glorie, informa\u021bia despre aceste planuri le-a sc\u0103pat, \u00een direct, la un post de televiziune pro-guvernamental, deputatei PAS Natalia Davidovici \u0219i \u0219efului ONG-ului [\u2026]<\/div>\n","protected":false},"author":1,"featured_media":69322,"comment_status":"closed","ping_status":"closed","sticky":false,"template":"","format":"standard","meta":{"jnews-multi-image_gallery":[],"jnews_single_post":[],"jnews_primary_category":[],"jnews_social_meta":[],"jnews_override_counter":[],"footnotes":""},"categories":[23],"tags":[],"class_list":["post-69321","post","type-post","status-publish","format-standard","has-post-thumbnail","hentry","category-politica_ro"],"_links":{"self":[{"href":"https:\/\/orheifm.live\/index.php\/wp-json\/wp\/v2\/posts\/69321","targetHints":{"allow":["GET"]}}],"collection":[{"href":"https:\/\/orheifm.live\/index.php\/wp-json\/wp\/v2\/posts"}],"about":[{"href":"https:\/\/orheifm.live\/index.php\/wp-json\/wp\/v2\/types\/post"}],"author":[{"embeddable":true,"href":"https:\/\/orheifm.live\/index.php\/wp-json\/wp\/v2\/users\/1"}],"replies":[{"embeddable":true,"href":"https:\/\/orheifm.live\/index.php\/wp-json\/wp\/v2\/comments?post=69321"}],"version-history":[{"count":0,"href":"https:\/\/orheifm.live\/index.php\/wp-json\/wp\/v2\/posts\/69321\/revisions"}],"wp:featuredmedia":[{"embeddable":true,"href":"https:\/\/orheifm.live\/index.php\/wp-json\/wp\/v2\/media\/69322"}],"wp:attachment":[{"href":"https:\/\/orheifm.live\/index.php\/wp-json\/wp\/v2\/media?parent=69321"}],"wp:term":[{"taxonomy":"category","embeddable":true,"href":"https:\/\/orheifm.live\/index.php\/wp-json\/wp\/v2\/categories?post=69321"},{"taxonomy":"post_tag","embeddable":true,"href":"https:\/\/orheifm.live\/index.php\/wp-json\/wp\/v2\/tags?post=69321"}],"curies":[{"name":"wp","href":"https:\/\/api.w.org\/{rel}","templated":true}]}}