{"id":69319,"date":"2025-03-18T22:01:01","date_gmt":"2025-03-18T20:01:01","guid":{"rendered":"https:\/\/orheifm.live\/index.php\/2025\/03\/18\/focar-de-pesta-porcina-africana-la-ferma-din-anenii-noi-mii-de-porci-vor-fi-sacrificati-video\/"},"modified":"2025-03-18T22:01:01","modified_gmt":"2025-03-18T20:01:01","slug":"focar-de-pesta-porcina-africana-la-ferma-din-anenii-noi-mii-de-porci-vor-fi-sacrificati-video","status":"publish","type":"post","link":"https:\/\/orheifm.live\/index.php\/2025\/03\/18\/focar-de-pesta-porcina-africana-la-ferma-din-anenii-noi-mii-de-porci-vor-fi-sacrificati-video\/","title":{"rendered":"Focar de pest\u0103 porcin\u0103 african\u0103 la ferma din Anenii Noi: Mii de porci vor fi  sacrifica\u021bi |VIDEO"},"content":{"rendered":"<div>\n<p><strong>Un focar de pest\u0103 porcin\u0103 african\u0103 a fost depistat la cea mai mare ferm\u0103 din \u021bar\u0103, amplasat\u0103 \u00een extravilanul localit\u0103\u021bii Ro\u0219cani, din raionul Anenii Noi. La fa\u021ba locului s-au deplasat mai mul\u021bi speciali\u0219ti, inclusiv reprezentan\u021bi ai Agen\u021biei Na\u021bionale pentru Siguran\u021ba Alimentelor. <\/strong><br \/>\n<iframe loading=\"lazy\" title=\"YouTube video player\" src=\"https:\/\/www.youtube.com\/embed\/coFBNp9w000?si=seitwfY0PADTkuNQ\" width=\"560\" height=\"315\" frameborder=\"0\" allowfullscreen=\"allowfullscreen\"><\/iframe><br \/>\nAutorit\u0103\u021bile au dispus sacrificarea \u0219i \u00eenhumarea animalelor, fiind vorba de peste 65.000 de porci.<\/p>\n<p>Potrivit Agen\u021biei Na\u021bionale pentru Siguran\u021ba Alimentelor, prezen\u021ba virusului la ferma, situat\u0103 \u00een extravilanul localit\u0103\u021bii Ro\u0219cani, raionul Anenii Noi, a fost confirmat\u0103 prin test\u0103ri de laborator \u00een probele recoltate de la porci.<\/p>\n<p>\u00cen regim de urgen\u021b\u0103, a fost convocat\u0103 Comisia pentru Situa\u021bii Excep\u021bionale a raionului, care a aprobat o serie de m\u0103suri pentru eradicarea rapid\u0103 a focarului, precum \u0219i pentru a preveni r\u0103sp\u00e2ndirea bolii.<\/p>\n<p>Potrivit ANSA, este vorba de peste 65 000 de porci, iar nimicirea animalelor a \u00eenceput deja. \u00cen cadrul procedurii, sunt implica\u021bi at\u00e2t angaja\u021bii acestei ferme, c\u00e2t \u0219i zeci de veterinari care au fost chema\u021bi din alte localit\u0103\u021bi ale \u021b\u0103rii, sus\u021bin reprezentan\u021bii ANSA.<\/p>\n<p>MARIANA GRATI, purt\u0103tor de cuv\u00e2nt ANSA<\/p>\n<p>Ast\u0103zi s-a stabilit locul, a fost ales de c\u0103tre APL, conform cadrului legal, este \u00een atribu\u021biile APL de a stabili locul unde vor fi \u00eenhumate cadavrele. \u00cen cur\u00e2nd vor fi sacrificate \u0219i \u00eenhumate.<\/p>\n<p>Toate p\u0103r\u021bile care s-au convocat au luat deciziile necesare, sunt luate m\u0103surile necesare, inspectorii ANSA, c\u00e2t \u0219i al\u021bi reprezentan\u021bi ai institu\u021biilor din regiune, inclusiv APL-ul discut\u0103 cu oamneii din regiune. Este realizat recens\u0103m\u00e2ntul animalelor \u00een raza 10 km de la ferma dat\u0103.<\/p>\n<p>Pentru a nu r\u0103sp\u00e2ndi virusul, accesul la ferm\u0103 este restric\u021bionat de c\u0103tre oamenii legii, iar \u00een zon\u0103 au fost amenajate c\u00e2teva puncte de sterilizare. Agen\u021bia Na\u021bional\u0103 pentru Siguran\u021ba Alimentelor men\u021bioneaz\u0103 c\u0103, autorit\u0103\u021bile au \u00eentreprins \u0219i \u00eentreprind \u00een continuare toate m\u0103surile pentru a limita posibilitatea difuz\u0103rii pestei porcine africane c\u0103tre alte ferme \u0219i localit\u0103\u021bi.<\/p>\n<p>Cu toate acestea, r\u00e2m\u00e2ne \u00eenc\u0103 riscul apari\u021biei unor focare noi r\u0103m\u00e2ne, deoarece sunt confirmate cazuri de pest\u0103 porcin\u0103 african\u0103 \u0219i la mistre\u021bi, fapt care complic\u0103 \u0219i mai mult situa\u021bia, sus\u021bin reprezentan\u021bii ANSA.<\/p>\n<p>Proprietarii fermei din Ro\u0219cani vor fi desp\u0103gubi\u021bi dup\u0103 ce aceste animale vor fi nimicite. Potrivit informa\u021biilor, pre\u021bul per kilogram urmeaz\u0103 s\u0103 fie stabilit de c\u0103tre Camera de Comer\u021b \u0219i Industrie a Republicii Moldova. De la \u00eenceputul anului, \u00een Republica Moldova au fost confirmate aproximativ 30 de focare de pest\u0103 la porci domestici.<\/p>\n<p>Pesta porcin\u0103 african\u0103 este o boal\u0103 viral\u0103 extrem de contagioas\u0103, care afecteaz\u0103 porcii domestici \u0219i mistre\u021bii, dar nu prezint\u0103 pericol pentru oameni. Totu\u0219i, impactul asupra industriei zootehnice este major, iar extinderea focarelor poate duce la pierderi economice \u0219i la perturbarea aprovizion\u0103rii cu carne de porc.<\/p>\n<\/div>\n","protected":false},"excerpt":{"rendered":"<div><img loading=\"lazy\" decoding=\"async\" width=\"696\" height=\"392\" src=\"https:\/\/canal5.md\/wp-content\/uploads\/2025\/03\/ccfb4d092ee5b83780471b05b32f600a-optimized.jpg\" class=\"attachment-large size-large wp-post-image\" alt=\"\" srcset=\"https:\/\/canal5.md\/wp-content\/uploads\/2025\/03\/ccfb4d092ee5b83780471b05b32f600a-optimized.jpg 809w, https:\/\/canal5.md\/wp-content\/uploads\/2025\/03\/ccfb4d092ee5b83780471b05b32f600a-300x169-optimized.jpg 300w, https:\/\/canal5.md\/wp-content\/uploads\/2025\/03\/ccfb4d092ee5b83780471b05b32f600a-768x433-optimized.jpg 768w, https:\/\/canal5.md\/wp-content\/uploads\/2025\/03\/ccfb4d092ee5b83780471b05b32f600a-696x392-optimized.jpg 696w\">Un focar de pest\u0103 porcin\u0103 african\u0103 a fost depistat la cea mai mare ferm\u0103 din \u021bar\u0103, amplasat\u0103 \u00een extravilanul localit\u0103\u021bii Ro\u0219cani, din raionul Anenii Noi. La fa\u021ba locului s-au deplasat mai mul\u021bi speciali\u0219ti, inclusiv reprezentan\u021bi ai Agen\u021biei Na\u021bionale pentru Siguran\u021ba Alimentelor. Autorit\u0103\u021bile au dispus sacrificarea \u0219i \u00eenhumarea animalelor, fiind vorba de peste 65.000 de porci. [\u2026]<\/div>\n","protected":false},"author":1,"featured_media":69320,"comment_status":"closed","ping_status":"closed","sticky":false,"template":"","format":"standard","meta":{"jnews-multi-image_gallery":[],"jnews_single_post":[],"jnews_primary_category":[],"jnews_social_meta":[],"jnews_override_counter":[],"footnotes":""},"categories":[30],"tags":[],"class_list":["post-69319","post","type-post","status-publish","format-standard","has-post-thumbnail","hentry","category-social_ro"],"_links":{"self":[{"href":"https:\/\/orheifm.live\/index.php\/wp-json\/wp\/v2\/posts\/69319","targetHints":{"allow":["GET"]}}],"collection":[{"href":"https:\/\/orheifm.live\/index.php\/wp-json\/wp\/v2\/posts"}],"about":[{"href":"https:\/\/orheifm.live\/index.php\/wp-json\/wp\/v2\/types\/post"}],"author":[{"embeddable":true,"href":"https:\/\/orheifm.live\/index.php\/wp-json\/wp\/v2\/users\/1"}],"replies":[{"embeddable":true,"href":"https:\/\/orheifm.live\/index.php\/wp-json\/wp\/v2\/comments?post=69319"}],"version-history":[{"count":0,"href":"https:\/\/orheifm.live\/index.php\/wp-json\/wp\/v2\/posts\/69319\/revisions"}],"wp:featuredmedia":[{"embeddable":true,"href":"https:\/\/orheifm.live\/index.php\/wp-json\/wp\/v2\/media\/69320"}],"wp:attachment":[{"href":"https:\/\/orheifm.live\/index.php\/wp-json\/wp\/v2\/media?parent=69319"}],"wp:term":[{"taxonomy":"category","embeddable":true,"href":"https:\/\/orheifm.live\/index.php\/wp-json\/wp\/v2\/categories?post=69319"},{"taxonomy":"post_tag","embeddable":true,"href":"https:\/\/orheifm.live\/index.php\/wp-json\/wp\/v2\/tags?post=69319"}],"curies":[{"name":"wp","href":"https:\/\/api.w.org\/{rel}","templated":true}]}}