{"id":69317,"date":"2025-03-18T21:59:21","date_gmt":"2025-03-18T19:59:21","guid":{"rendered":"https:\/\/orheifm.live\/index.php\/2025\/03\/18\/blocul-victorie-marcheaza-81-de-ani-de-la-eliberarea-sorocii-de-sub-ocupatia-fascista-video\/"},"modified":"2025-03-18T21:59:21","modified_gmt":"2025-03-18T19:59:21","slug":"blocul-victorie-marcheaza-81-de-ani-de-la-eliberarea-sorocii-de-sub-ocupatia-fascista-video","status":"publish","type":"post","link":"https:\/\/orheifm.live\/index.php\/2025\/03\/18\/blocul-victorie-marcheaza-81-de-ani-de-la-eliberarea-sorocii-de-sub-ocupatia-fascista-video\/","title":{"rendered":"Blocul \u201eVictorie\u201d marcheaz\u0103 81 de ani de la eliberarea Sorocii de sub ocupa\u021bia fascist\u0103 |VIDEO"},"content":{"rendered":"<div>\n<p><strong>Activi\u0219tii si sus\u021binatorii blocului politic \u201eVictorie\u201d au organizat mai multe evenimente comemorative cu ocazia celei de-a 81-a aniversari a eliberarii ora\u0219ului Soroca de sub ocupa\u021bia fascist\u0103. Participan\u021bii la manifesta\u021bii au depus flori la Monumentul Osta\u0219ilor Eliberatori din Pia\u021ba Independen\u021bei.<\/strong><br \/>\n<iframe loading=\"lazy\" title=\"YouTube video player\" src=\"https:\/\/www.youtube.com\/embed\/rwnEGZ9cQpI?si=3ntvXuU2bsM3Gc5a\" width=\"560\" height=\"315\" frameborder=\"0\" allowfullscreen=\"allowfullscreen\"><\/iframe><br \/>\n\u00cen cadrul evenimentelor, deputa\u021bii grupului parlamentar \u201eVictorie\u201d l-au felicitat pe veteranul celui de-al Doilea R\u0103zboi Mondial, Maxim Vladimirovici Raevschi. La finalul zilei de 18 martie, \u00een comuna Cos\u0103u\u021bi a avut loc ac\u021biunea \u201eLum\u00e2narea Memoriei\u201d.<\/p>\n<p>Pe 18 martie 1944, trupele sovietice au traversat r\u00e2ul Nistru \u0219i au eliberat ora\u0219ul Soroca de sub ocupa\u021bia fascist\u0103, fiind primul ora\u0219 eliberat pe teritoriul Moldovei. Cu ocazia celei de-a 81-a anivers\u0103ri a acestui eveniment, blocul politic \u201eVictorie\u201d a organizat \u00een Soroca un Mar\u0219 al Memoriei pe str\u0103zile centrale ale ora\u0219ului, care s- a \u00eencheiat cu un miting solemn \u0219i depunerea de flori la Monumentul Osta\u0219ilor Eliberatori.<\/p>\n<p>\u00cen cadrul mitingului, deputatul grupului parlamentar \u201eVictorie\u201d, Reghina Apostolova, a subliniat c\u0103, gra\u021bie eroismului solda\u021bilor sovietici din 1944, locuitorii Moldovei tr\u0103iesc ast\u0103zi sub un cer pa\u0219nic.<\/p>\n<p>REGHINA APOSTOLOVA, deputat al grupului parlamentar \u201eVictorie\u201d<\/p>\n<p>\u2013 \u00cen aceast\u0103 zi, mai mult ca niciodat\u0103, dorim s\u0103 ne exprim\u0103m dorin\u021ba ca acest cer pa\u0219nic s\u0103 r\u0103m\u00e2n\u0103 deasupra noastr\u0103 pentru mul\u021bi ani de acum \u00eenainte. V\u0103 mul\u021bumim din suflet tuturor! V\u0103 dorim mult\u0103 s\u0103n\u0103tate vou\u0103 \u0219i celor dragi. S\u0103 continue via\u021ba noastr\u0103 s\u0103 se \u00eembun\u0103t\u0103\u021beasc\u0103. La mul\u021bi ani, dragi locuitori ai Sorocii!<\/p>\n<p>Iar deputatul grupului parlamentar \u201eVictorie\u201d, Vadim Fotescu, a subliniat c\u00e2t de important este, mai ales ast\u0103zi, s\u0103 p\u0103str\u0103m \u00een memorie istoria victoriei asupra fascismului.<\/p>\n<p>VADIM FOTESCU, deputat al grupului parlamentar \u201eVictorie\u201d<\/p>\n<p>\u2013 \u00cen toat\u0103 \u021bara se desf\u0103\u0219oar\u0103 evenimente comemorative, \u00een cadrul c\u0103rora oamenii \u00ee\u0219i exprim\u0103 respectul fa\u021b\u0103 de eroismul \u00eenving\u0103torilor, confirm\u00e2nd: \u201eP\u0103str\u0103m vie aceast\u0103 Mare Victorie, suntem m\u00e2ndri de ea \u0219i vom face tot posibilul pentru ca un astfel de eveniment s\u0103 nu se mai repete.\u201d Mul\u021bumim tuturor locuitorilor Sorocii care s-au al\u0103turat la depunerea de flori \u0219i la mar\u0219. Suntem m\u00e2ndri c\u0103 sunte\u021bi al\u0103turi de noi.<\/p>\n<p>Ast\u0103zi, c\u00e2nd se fac \u00eencerc\u0103ri de rena\u0219tere a fascismului, p\u0103strarea memoriei lec\u021biilor trecutului este mai important\u0103 ca niciodat\u0103, consider\u0103 Blocul \u201eVictorie\u201d.<\/p>\n<p>PAVEL VEREJANU, reprezentantul blocului politic \u201eVictorie\u201d<\/p>\n<p>\u2013 Pe 18 martie, Soroca a devenit primul ora\u0219 al Moldovei care a fost eliberat de sub jugul fascist \u0219i prin urmare a devenit \u0219i capitala temporar\u0103 a Moldovei. De aceea, \u00eentr-adev\u0103r este o zi \u00eensemnat\u0103 pentru toat\u0103 Republica Moldova, pentru acest p\u0103m\u00e2nt, fiindc\u0103 \u00een lupta cu fascismul a luptat toat\u0103 Uniunea Sovietic\u0103 \u0219i nu doar, dar \u0219i statele din comunitatea european\u0103.<\/p>\n<p>Deci, a fost o lupt\u0103 cr\u00e2ncen\u0103 pentru a se deb\u0103r\u0103sa de aceste ororuri, de altfel cum mai marc\u0103m pe 27 ianuarie \u00een fiecare an Holocaustul.<\/p>\n<p>\u00cen cadrul evenimentelor festive, deputa\u021bii grupului parlamentar \u201eVictorie\u201d l-au vizitat pe veteranul celui de-al Doilea R\u0103zboi Mondial, Maxim Vladimirovici RaevschIi, \u0219i l-au felicitat cu ocazia acestei zile importante.<\/p>\n<p>Veteranul Maxim Dmitrievici Raevschii are acum 98 de ani. A \u00eenceput r\u0103zboiul \u00een 1944. Dup\u0103 eliberarea satului s\u0103u natal, Cos\u0103u\u021bi, de sub ocupa\u021bia fascist\u0103, la v\u00e2rsta de 17 ani s-a \u00eenrolat voluntar, devenind artilerist. A \u00eencheiat r\u0103zboiul \u00een Ungaria, l\u00e2ng\u0103 Budapesta. Potrivit lui Maxim Dmitrievici, mul\u021bi dintre cei care au plecat cu el pe front nu au supravie\u021buit, fiind doar c\u00e2\u021biva cei care au reu\u0219it s\u0103 tr\u0103iasc\u0103.<\/p>\n<p>MAXIM RAEVSCHI, veteran<\/p>\n<p>\u2013 Oamenii no\u0219tri au fost lua\u021bi \u00een armat\u0103 \u0219i trimi\u0219i la K\u00f6nigsberg, iar to\u021bi ace\u0219ti oameni au murit. C\u00e2nd mergi \u00een satul nostru, acolo se afl\u0103 un monument. Din acest sat au murit 87 de persoane. Unde este dreptatea?<\/p>\n<p>Veteranul a subliniat c\u0103 r\u0103zboiul este cel mai teribil lucru care poate s\u0103 se \u00eent\u00e2mple \u0219i c\u0103 este vital ca acest co\u0219mar s\u0103 nu se repete niciodat\u0103.<\/p>\n<p>REGHINA APOSTOLOVA, deputat al grupului parlamentar \u201eVictorie\u201d<\/p>\n<p>Dup\u0103 tradi\u021bie, vizit\u0103m participan\u021bii \u0219i veteranii celui de-al Doilea R\u0103zboi Mondial, dintre care, din p\u0103cate, au mai r\u0103mas doar 25 de persoane. Exist\u0103 \u0219i prizonieri ai ghetourilor \u0219i supravie\u021buitori ai blocadei. Pe to\u021bi \u00eei felicit\u0103m \u00een datele comemorative \u0219i le mul\u021bumim pentru eroismul \u0219i munca lor. Aceste persoane merit\u0103 o aten\u021bie \u0219i respect deosebit, precum \u0219i grij\u0103.<\/p>\n<p>Amintim c\u0103, \u00een februarie, deputa\u021bii grupului parlamentar \u201ePobeda\u201d au cerut Parlamentului s\u0103 organizeze o s\u0103rb\u0103toare de amploare a 80 de ani de la Victorie, \u00eenregistr\u00e2nd o ini\u021biativ\u0103 legislativ\u0103 corespunz\u0103toare. Totu\u0219i, majoritatea parlamentar\u0103 PAS nu a sus\u021binut aceast\u0103 propunere.<\/p>\n<p>Ulterior, Comitetul Executiv al G\u0103g\u0103uziei a decis s\u0103 declare anul 2025 Anul comemor\u0103rii a 80 de ani de la Victorie \u00een Marele R\u0103zboi pentru Ap\u0103rarea Patriei \u0219i a planificat organizarea unui num\u0103r mare de evenimente educa\u021bionale, culturale \u0219i \u0219tiin\u021bifice dedicate acestei date semnificative.<\/p>\n<p>Prima localitate din RSS Moldoveneasc\u0103 eliberat\u0103 de trupele Armatei Ro\u0219ii pe 17 martie 1944 a fost satul Cos\u0103u\u021bi din raionul Soroca. Pe 18 martie 1944, a fost eliberat \u0219i primul ora\u0219 moldovenesc \u2013 Soroca, de sub ocupa\u021bia fascist\u0103 german\u0103-rom\u00e2n\u0103.<\/p>\n<p>Pe fronturile Marelui R\u0103zboi pentru Ap\u0103rarea Patriei, \u00een r\u00e2ndurile Armatei Ro\u0219ii au luptat peste 400.000 de moldoveni. Peste 85.000 de moldoveni au fost decora\u021bi cu distinc\u021bii de lupt\u0103, iar 150 dintre ei au primit premii \u00een primele s\u0103pt\u0103m\u00e2ni ale r\u0103zboiului. 20 de compatrio\u021bi ai no\u0219tri au devenit eroi ai Uniunii Sovietice.<\/p>\n<\/div>\n","protected":false},"excerpt":{"rendered":"<div><img decoding=\"async\" width=\"696\" height=\"373\" src=\"https:\/\/canal5.md\/wp-content\/uploads\/2025\/03\/photo_2025-03-18_20-22-00-1024x549-optimized.jpg\" class=\"attachment-large size-large wp-post-image\" alt=\"\" loading=\"lazy\" srcset=\"https:\/\/canal5.md\/wp-content\/uploads\/2025\/03\/photo_2025-03-18_20-22-00-1024x549-optimized.jpg 1024w, https:\/\/canal5.md\/wp-content\/uploads\/2025\/03\/photo_2025-03-18_20-22-00-300x161-optimized.jpg 300w, https:\/\/canal5.md\/wp-content\/uploads\/2025\/03\/photo_2025-03-18_20-22-00-768x412-optimized.jpg 768w, https:\/\/canal5.md\/wp-content\/uploads\/2025\/03\/photo_2025-03-18_20-22-00-696x373-optimized.jpg 696w, https:\/\/canal5.md\/wp-content\/uploads\/2025\/03\/photo_2025-03-18_20-22-00-1068x572-optimized.jpg 1068w, https:\/\/canal5.md\/wp-content\/uploads\/2025\/03\/photo_2025-03-18_20-22-00-optimized.jpg 1170w\">Activi\u0219tii si sus\u021binatorii blocului politic \u201eVictorie\u201d au organizat mai multe evenimente comemorative cu ocazia celei de-a 81-a aniversari a eliberarii ora\u0219ului Soroca de sub ocupa\u021bia fascist\u0103. Participan\u021bii la manifesta\u021bii au depus flori la Monumentul Osta\u0219ilor Eliberatori din Pia\u021ba Independen\u021bei. \u00cen cadrul evenimentelor, deputa\u021bii grupului parlamentar \u201eVictorie\u201d l-au felicitat pe veteranul celui de-al Doilea R\u0103zboi Mondial, [\u2026]<\/div>\n","protected":false},"author":1,"featured_media":69318,"comment_status":"closed","ping_status":"closed","sticky":false,"template":"","format":"standard","meta":{"jnews-multi-image_gallery":[],"jnews_single_post":[],"jnews_primary_category":[],"jnews_social_meta":[],"jnews_override_counter":[],"footnotes":""},"categories":[30],"tags":[],"class_list":["post-69317","post","type-post","status-publish","format-standard","has-post-thumbnail","hentry","category-social_ro"],"_links":{"self":[{"href":"https:\/\/orheifm.live\/index.php\/wp-json\/wp\/v2\/posts\/69317","targetHints":{"allow":["GET"]}}],"collection":[{"href":"https:\/\/orheifm.live\/index.php\/wp-json\/wp\/v2\/posts"}],"about":[{"href":"https:\/\/orheifm.live\/index.php\/wp-json\/wp\/v2\/types\/post"}],"author":[{"embeddable":true,"href":"https:\/\/orheifm.live\/index.php\/wp-json\/wp\/v2\/users\/1"}],"replies":[{"embeddable":true,"href":"https:\/\/orheifm.live\/index.php\/wp-json\/wp\/v2\/comments?post=69317"}],"version-history":[{"count":0,"href":"https:\/\/orheifm.live\/index.php\/wp-json\/wp\/v2\/posts\/69317\/revisions"}],"wp:featuredmedia":[{"embeddable":true,"href":"https:\/\/orheifm.live\/index.php\/wp-json\/wp\/v2\/media\/69318"}],"wp:attachment":[{"href":"https:\/\/orheifm.live\/index.php\/wp-json\/wp\/v2\/media?parent=69317"}],"wp:term":[{"taxonomy":"category","embeddable":true,"href":"https:\/\/orheifm.live\/index.php\/wp-json\/wp\/v2\/categories?post=69317"},{"taxonomy":"post_tag","embeddable":true,"href":"https:\/\/orheifm.live\/index.php\/wp-json\/wp\/v2\/tags?post=69317"}],"curies":[{"name":"wp","href":"https:\/\/api.w.org\/{rel}","templated":true}]}}