{"id":69315,"date":"2025-03-18T21:57:30","date_gmt":"2025-03-18T19:57:30","guid":{"rendered":"https:\/\/orheifm.live\/index.php\/2025\/03\/18\/tragedie-la-bender-un-barbat-decedat-si-mai-multi-raniti-dupa-ce-un-autobuz-a-intrat-in-statia-de-asteptare-video\/"},"modified":"2025-03-18T21:57:30","modified_gmt":"2025-03-18T19:57:30","slug":"tragedie-la-bender-un-barbat-decedat-si-mai-multi-raniti-dupa-ce-un-autobuz-a-intrat-in-statia-de-asteptare-video","status":"publish","type":"post","link":"https:\/\/orheifm.live\/index.php\/2025\/03\/18\/tragedie-la-bender-un-barbat-decedat-si-mai-multi-raniti-dupa-ce-un-autobuz-a-intrat-in-statia-de-asteptare-video\/","title":{"rendered":"Tragedie la Bender: Un b\u0103rbat decedat \u0219i mai mul\u021bi r\u0103ni\u021bi dup\u0103 ce un autobuz a intrat \u00een sta\u021bia de a\u0219teptare |VIDEO"},"content":{"rendered":"<div>\n<p><strong>Tragedie la Bender, unde un b\u0103rbat a decedat dup\u0103 ce un autobuz de linie a lovit o sta\u021bie de a\u0219teptare.<\/strong><br \/>\n<iframe loading=\"lazy\" title=\"YouTube video player\" src=\"https:\/\/www.youtube.com\/embed\/jHJlW4FVntQ?si=bXkD1ypA9rmouis0\" width=\"560\" height=\"315\" frameborder=\"0\" allowfullscreen=\"allowfullscreen\"><\/iframe><br \/>\nIncidentul a avut loc c\u00e2nd \u0219oferul autobuzului a pierdut controlul asupra vehiculului din cauza unei probleme de s\u0103n\u0103tate, iar autobuzul a intrat \u00een sta\u021bia unde a\u0219teptau trei persoane.<\/p>\n<p>Dou\u0103 femei au reu\u0219it s\u0103 se fereasc\u0103, dar b\u0103rbatul a fost prins sub autobuz \u0219i a murit pe loc din cauza r\u0103nilor.<\/p>\n<p>\u0218oferul \u0219i so\u021bia victimei au fost transporta\u021bi de urgen\u021b\u0103 la spital. \u00cen momentul accidentului, autobuzul nu transporta pasageri.<\/p>\n<\/div>\n","protected":false},"excerpt":{"rendered":"<div><img decoding=\"async\" width=\"696\" height=\"392\" src=\"https:\/\/canal5.md\/wp-content\/uploads\/2025\/03\/photo_2025-03-18_17-42-05-1024x576-optimized.jpg\" class=\"attachment-large size-large wp-post-image\" alt=\"\" loading=\"lazy\" srcset=\"https:\/\/canal5.md\/wp-content\/uploads\/2025\/03\/photo_2025-03-18_17-42-05-1024x576-optimized.jpg 1024w, https:\/\/canal5.md\/wp-content\/uploads\/2025\/03\/photo_2025-03-18_17-42-05-300x169-optimized.jpg 300w, https:\/\/canal5.md\/wp-content\/uploads\/2025\/03\/photo_2025-03-18_17-42-05-768x432-optimized.jpg 768w, https:\/\/canal5.md\/wp-content\/uploads\/2025\/03\/photo_2025-03-18_17-42-05-696x392-optimized.jpg 696w, https:\/\/canal5.md\/wp-content\/uploads\/2025\/03\/photo_2025-03-18_17-42-05-1068x601-optimized.jpg 1068w, https:\/\/canal5.md\/wp-content\/uploads\/2025\/03\/photo_2025-03-18_17-42-05-optimized.jpg 1200w\">Tragedie la Bender, unde un b\u0103rbat a decedat dup\u0103 ce un autobuz de linie a lovit o sta\u021bie de a\u0219teptare. Incidentul a avut loc c\u00e2nd \u0219oferul autobuzului a pierdut controlul asupra vehiculului din cauza unei probleme de s\u0103n\u0103tate, iar autobuzul a intrat \u00een sta\u021bia unde a\u0219teptau trei persoane. Dou\u0103 femei au reu\u0219it s\u0103 se fereasc\u0103, [\u2026]<\/div>\n","protected":false},"author":1,"featured_media":69316,"comment_status":"closed","ping_status":"closed","sticky":false,"template":"","format":"standard","meta":{"jnews-multi-image_gallery":[],"jnews_single_post":[],"jnews_primary_category":[],"jnews_social_meta":[],"jnews_override_counter":[],"footnotes":""},"categories":[30],"tags":[],"class_list":["post-69315","post","type-post","status-publish","format-standard","has-post-thumbnail","hentry","category-social_ro"],"_links":{"self":[{"href":"https:\/\/orheifm.live\/index.php\/wp-json\/wp\/v2\/posts\/69315","targetHints":{"allow":["GET"]}}],"collection":[{"href":"https:\/\/orheifm.live\/index.php\/wp-json\/wp\/v2\/posts"}],"about":[{"href":"https:\/\/orheifm.live\/index.php\/wp-json\/wp\/v2\/types\/post"}],"author":[{"embeddable":true,"href":"https:\/\/orheifm.live\/index.php\/wp-json\/wp\/v2\/users\/1"}],"replies":[{"embeddable":true,"href":"https:\/\/orheifm.live\/index.php\/wp-json\/wp\/v2\/comments?post=69315"}],"version-history":[{"count":0,"href":"https:\/\/orheifm.live\/index.php\/wp-json\/wp\/v2\/posts\/69315\/revisions"}],"wp:featuredmedia":[{"embeddable":true,"href":"https:\/\/orheifm.live\/index.php\/wp-json\/wp\/v2\/media\/69316"}],"wp:attachment":[{"href":"https:\/\/orheifm.live\/index.php\/wp-json\/wp\/v2\/media?parent=69315"}],"wp:term":[{"taxonomy":"category","embeddable":true,"href":"https:\/\/orheifm.live\/index.php\/wp-json\/wp\/v2\/categories?post=69315"},{"taxonomy":"post_tag","embeddable":true,"href":"https:\/\/orheifm.live\/index.php\/wp-json\/wp\/v2\/tags?post=69315"}],"curies":[{"name":"wp","href":"https:\/\/api.w.org\/{rel}","templated":true}]}}