{"id":69313,"date":"2025-03-18T21:55:59","date_gmt":"2025-03-18T19:55:59","guid":{"rendered":"https:\/\/orheifm.live\/index.php\/2025\/03\/18\/alexandr-slusari-tariful-pentru-energia-electrica-trebuie-redus-exista-toate-conditiile-necesare-video\/"},"modified":"2025-03-18T21:55:59","modified_gmt":"2025-03-18T19:55:59","slug":"alexandr-slusari-tariful-pentru-energia-electrica-trebuie-redus-exista-toate-conditiile-necesare-video","status":"publish","type":"post","link":"https:\/\/orheifm.live\/index.php\/2025\/03\/18\/alexandr-slusari-tariful-pentru-energia-electrica-trebuie-redus-exista-toate-conditiile-necesare-video\/","title":{"rendered":"Alexandr Slusari: Tariful pentru energia electric\u0103 trebuie redus, exist\u0103 toate condi\u021biile necesare |VIDEO"},"content":{"rendered":"<div>\n<p><strong>Tariful pentru energia electric\u0103 ar trebui redus, consider\u0103 Alexandr Slusar, membru al Consiliului de Administra\u021bie al Energocom. <\/strong><br \/>\n<iframe loading=\"lazy\" title=\"YouTube video player\" src=\"https:\/\/www.youtube.com\/embed\/xcHbgtNaxJU?si=UIgkbb1YNTMFAxPs\" width=\"560\" height=\"315\" frameborder=\"0\" allowfullscreen=\"allowfullscreen\"><\/iframe><br \/>\nEl este de p\u0103rere c\u0103 exist\u0103 toate condi\u021biile necesare pentru acest lucru, av\u00e2nd \u00een vedere c\u0103, \u00een ultimele dou\u0103 luni \u0219i jum\u0103tate, s-au \u00eenregistrat abateri pozitive de peste 5% fa\u021b\u0103 de pre\u021bul de achizi\u021bie al energiei electrice inclus \u00een tarif, mai simplu spus \u2013 pre\u021bul la care compania a achizi\u021bionat energia electric\u0103 a fost mai mic dec\u00e2t pre\u021bul pe care l-a stabilit \u00een tarif pentru consumatori.<\/p>\n<p>Slusari a subliniat c\u0103, dac\u0103 operatorul nu vine cu o astfel de ini\u021biativ\u0103, atunci aceasta ar trebui s\u0103 fie f\u0103cut\u0103 de Agen\u021bia pentru Reglementare \u00een Energetic\u0103.<\/p>\n<p>Alexandr Slusari consider\u0103 c\u0103 a trecut suficient timp pentru a face o corectare a tarifului pentru energie electric\u0103, \u00een scopul reducerii acestuia. \u201eSunt argumente economice suficiente pentru mic\u0219orarea tarifului la energia electric\u0103, f\u0103r\u0103 s\u0103 a\u0219tept\u0103m \u00eenceputul campaniei electorale\u201d, a scris Slusari pe re\u021belele de socializare.<\/p>\n<p>ALEXANDR SLUSARI, membru al Consiliului de Administra\u021bie al Energocom<\/p>\n<p>Tariful actual include un pre\u021b de achizi\u021bie al energiei electrice \u00eentre 140-145 euro. Conform legii \u0219i metodologiei, dac\u0103 operatorii \u00eenregistreaz\u0103 abateri pozitive de cel pu\u021bin 5%, adic\u0103 dac\u0103 achizi\u021bioneaz\u0103 energia electric\u0103 cu 5% mai ieftin dec\u00e2t pre\u021bul prev\u0103zut \u00een tarif, atunci tariful trebuie corectat.<\/p>\n<p>Dac\u0103 analiz\u0103m pre\u021burile medii de achizi\u021bie, \u00een ianuarie acestea erau de aproximativ 128 euro, \u00een februarie, datorit\u0103 unui grant al Uniunii Europene, pre\u021bul a fost de 113 euro, chiar pu\u021bin mai pu\u021bin \u2013 112,80 euro. \u00cen martie, tendin\u021ba p\u00e2n\u0103 la mijlocul lunii arat\u0103 c\u0103 pre\u021bul este de aproximativ 126-127 euro. Astfel, vedem c\u0103, \u00een ultimele dou\u0103 luni \u0219i jum\u0103tate, abaterile pozitive ale operatorilor dep\u0103\u0219esc deja 5%.<\/p>\n<p>Expertul spune c\u0103, dac\u0103 operatorii nu vor depune o cerere de corectare la Agen\u0163ia Na\u0163ional\u0103 pentru Reglementare \u00een Energetic\u0103, ini\u021biativa \u00een aceast\u0103 privin\u021b\u0103 ar trebui s\u0103 vin\u0103 din partea ANRE. Alexandr Slusari consider\u0103 c\u0103 noul tarif ar putea fi aplicat deja de la \u00eenceputul lunii martie, mai ales c\u0103, potrivit calculelor sale, reducerea ar trebui s\u0103 fie una modest\u0103.<\/p>\n<p>ALEXANDR SLUSARI, membru al Consiliului de Administra\u021bie al Energocom<\/p>\n<p>Este un subiect important pentru cet\u0103\u021beni, dar mai ales, pentru agen\u021bii economici. Ace\u0219tia din urm\u0103 sunt afecta\u021bi \u00een mod considerabil, deoarece, pe l\u00e2ng\u0103 tariful de baz\u0103, se adaug\u0103 \u0219i TVA-ul. De exemplu, \u00een nord, tariful este de 5,61 lei, inclusiv TVA. Este un tarif foarte greu de suportat \u0219i mult prea mare pentru economia noastr\u0103.<\/p>\n<p>CANAL 5 a solicitat un comentariu privind corectarea tarifului pentru energia electric\u0103 de la Agen\u021bia Na\u021bional\u0103 de Reglementare \u00een Energetic\u0103. Reprezentan\u021bii serviciului de pres\u0103 al ANRE au precizat c\u0103 vor publica un comunicat de pres\u0103 pe aceast\u0103 tem\u0103 p\u00e2n\u0103 la sf\u00e2r\u0219itul zilei lucr\u0103toare de 18 martie.<\/p>\n<p>De asemenea, am contactat serviciul de pres\u0103 al distribuitorului de energie electric\u0103, compania \u201ePremier Energy\u201d, \u00eens\u0103 nu am primit un r\u0103spuns p\u00e2n\u0103 la momentul preg\u0103tirii reportajului.<\/p>\n<p>Amintim c\u0103, din 10 ianuarie, tarifele pentru energia electric\u0103 au fost majorate cu 75% \u2013 p\u00e2n\u0103 la 4 lei \u0219i 10 bani pe kWh pentru abona\u021bii Premier Energy \u0219i 4 lei \u0219i 68 bani pe kWh pentru cei ai FEE NORD.<\/p>\n<p>Amintim c\u0103 din ianuarie 2025, tarifele pentru energia electric\u0103 au fost majorate cu aproape 2 lei, iar acum popula\u021bia trebuie s\u0103 pl\u0103teasc\u0103 aproximativ 5 lei\/kWh ziua \u0219i aproximativ 4 lei\/kWh noaptea. Tariful actual este \u00een vigoare din 10 ianuarie.<\/p>\n<p>Autorit\u0103\u021bile au declarat c\u0103, \u00eencep\u00e2nd cu luna februarie, to\u021bi consumatorii casnici vor primi compensa\u021bii, care se vor include automat \u00een facturi. Cu toate acestea, la \u00eenceputul lunii martie, unii consumatori s-au pl\u00e2ns c\u0103 facturile primite nu includeau acoperirea promis\u0103 pentru primele 110 kWh consumate. Autorit\u0103\u021bile au promis c\u0103 se vor ocupa de aceast\u0103 problem\u0103.<\/p>\n<\/div>\n","protected":false},"excerpt":{"rendered":"<div><img decoding=\"async\" width=\"696\" height=\"392\" src=\"https:\/\/canal5.md\/wp-content\/uploads\/2025\/03\/ed317f2b1bc121df1c76a2b2c950a859-optimized.jpg\" class=\"attachment-large size-large wp-post-image\" alt=\"\" loading=\"lazy\" srcset=\"https:\/\/canal5.md\/wp-content\/uploads\/2025\/03\/ed317f2b1bc121df1c76a2b2c950a859-optimized.jpg 809w, https:\/\/canal5.md\/wp-content\/uploads\/2025\/03\/ed317f2b1bc121df1c76a2b2c950a859-300x169-optimized.jpg 300w, https:\/\/canal5.md\/wp-content\/uploads\/2025\/03\/ed317f2b1bc121df1c76a2b2c950a859-768x433-optimized.jpg 768w, https:\/\/canal5.md\/wp-content\/uploads\/2025\/03\/ed317f2b1bc121df1c76a2b2c950a859-696x392-optimized.jpg 696w\">Tariful pentru energia electric\u0103 ar trebui redus, consider\u0103 Alexandr Slusar, membru al Consiliului de Administra\u021bie al Energocom. El este de p\u0103rere c\u0103 exist\u0103 toate condi\u021biile necesare pentru acest lucru, av\u00e2nd \u00een vedere c\u0103, \u00een ultimele dou\u0103 luni \u0219i jum\u0103tate, s-au \u00eenregistrat abateri pozitive de peste 5% fa\u021b\u0103 de pre\u021bul de achizi\u021bie al energiei electrice inclus [\u2026]<\/div>\n","protected":false},"author":1,"featured_media":69314,"comment_status":"closed","ping_status":"closed","sticky":false,"template":"","format":"standard","meta":{"jnews-multi-image_gallery":[],"jnews_single_post":[],"jnews_primary_category":[],"jnews_social_meta":[],"jnews_override_counter":[],"footnotes":""},"categories":[30],"tags":[],"class_list":["post-69313","post","type-post","status-publish","format-standard","has-post-thumbnail","hentry","category-social_ro"],"_links":{"self":[{"href":"https:\/\/orheifm.live\/index.php\/wp-json\/wp\/v2\/posts\/69313","targetHints":{"allow":["GET"]}}],"collection":[{"href":"https:\/\/orheifm.live\/index.php\/wp-json\/wp\/v2\/posts"}],"about":[{"href":"https:\/\/orheifm.live\/index.php\/wp-json\/wp\/v2\/types\/post"}],"author":[{"embeddable":true,"href":"https:\/\/orheifm.live\/index.php\/wp-json\/wp\/v2\/users\/1"}],"replies":[{"embeddable":true,"href":"https:\/\/orheifm.live\/index.php\/wp-json\/wp\/v2\/comments?post=69313"}],"version-history":[{"count":0,"href":"https:\/\/orheifm.live\/index.php\/wp-json\/wp\/v2\/posts\/69313\/revisions"}],"wp:featuredmedia":[{"embeddable":true,"href":"https:\/\/orheifm.live\/index.php\/wp-json\/wp\/v2\/media\/69314"}],"wp:attachment":[{"href":"https:\/\/orheifm.live\/index.php\/wp-json\/wp\/v2\/media?parent=69313"}],"wp:term":[{"taxonomy":"category","embeddable":true,"href":"https:\/\/orheifm.live\/index.php\/wp-json\/wp\/v2\/categories?post=69313"},{"taxonomy":"post_tag","embeddable":true,"href":"https:\/\/orheifm.live\/index.php\/wp-json\/wp\/v2\/tags?post=69313"}],"curies":[{"name":"wp","href":"https:\/\/api.w.org\/{rel}","templated":true}]}}