{"id":69311,"date":"2025-03-18T21:53:54","date_gmt":"2025-03-18T19:53:54","guid":{"rendered":"https:\/\/orheifm.live\/index.php\/2025\/03\/18\/omul-pas-ului-sergiu-stanciu-prins-de-ani-pentru-incalcarea-regimului-de-incompatibilitate-video\/"},"modified":"2025-03-18T21:53:54","modified_gmt":"2025-03-18T19:53:54","slug":"omul-pas-ului-sergiu-stanciu-prins-de-ani-pentru-incalcarea-regimului-de-incompatibilitate-video","status":"publish","type":"post","link":"https:\/\/orheifm.live\/index.php\/2025\/03\/18\/omul-pas-ului-sergiu-stanciu-prins-de-ani-pentru-incalcarea-regimului-de-incompatibilitate-video\/","title":{"rendered":"Omul PAS-ului, Sergiu Stanciu, prins de ANI pentru \u00eenc\u0103lcarea regimului de incompatibilitate |VIDEO"},"content":{"rendered":"<div>\n<p><strong>Tot mai mul\u021bi oameni ai PAS-ului arat\u0103 c\u0103 termenul \u201dintegritate\u201d nu caracterizeaz\u0103 deloc. Directorul \u201eArena Chi\u0219in\u0103u\u201d, Sergiu Stanciu, fostul candidat din partea Partidului Ac\u021biune \u0219i Solidaritate la Prim\u0103ria Orhei, a fost prins de ANI c\u0103 a \u00eenc\u0103lcat regimul juridic al incompatibilit\u0103\u021bilor. <\/strong><br \/>\n<iframe loading=\"lazy\" title=\"YouTube video player\" src=\"https:\/\/www.youtube.com\/embed\/7N8DlLyF6iQ?si=oQZRcU5eOifTJJbO\" width=\"560\" height=\"315\" frameborder=\"0\" allowfullscreen=\"allowfullscreen\"><\/iframe><br \/>\nPotrivit actului de constatare, acesta a de\u021binut concomitent mandatul de consilier municipal la Orhei \u0219i calitatea de membru al Consiliului de supraveghere al \u201eTeleradio Moldova\u201d.<\/p>\n<p>\u00cen extrasul de constatare se precizeaz\u0103 c\u0103, \u201dSergiu Stanciu a avut obliga\u021bia legal\u0103 de a renun\u021ba la una din cele dou\u0103 calit\u0103\u021bi, \u00een termen de 30 de zile, fapt ignorat de c\u0103tre acesta.<\/p>\n<p>\u00cen ap\u0103rarea sa, directorul \u201eArena Chi\u0219in\u0103u\u201d le-a spus inspectorilor ANI c\u0103, pe \u00eentreaga durat\u0103 a mandatului, \u201enu a participat la nicio \u0219edin\u021b\u0103 a Consiliului Municipal Orhei\u201d, iar \u00een ce prive\u0219te func\u021bia de secretar al Consiliului de Supraveghere \u0219i Dezvoltare al Companiei \u201eTeleradio- Moldova\u201d, Stanciu a precizat c\u0103, \u201dactivitatea \u00een acest cadru a fost strict legat\u0103 de atribu\u021biile specifice postului ocupat\u201d.<\/p>\n<p>Asta de\u0219i, at\u00e2t ale\u0219ii locali, c\u00e2t \u0219i membrii CSD de la \u201eTeleradio-Moldova\u201d au acces la tot felul de acte cu date \u0219i decizii importante.<\/p>\n<p>\u00cen ciuda \u00eenc\u0103lc\u0103rilor grave, Sergiu Stanciu urmeaz\u0103 a fi sanc\u021bionat DOAR contraven\u021bional. Am \u00eencercat s\u0103 afl\u0103m care anume va fi pedeapsa \u00eens\u0103, reprezentan\u021bii institu\u021biei nu ne-au r\u0103spuns la telefon.<\/p>\n<\/div>\n","protected":false},"excerpt":{"rendered":"<div><img loading=\"lazy\" decoding=\"async\" width=\"696\" height=\"392\" src=\"https:\/\/canal5.md\/wp-content\/uploads\/2025\/03\/afb94bdb14d8b441618e87149c2b0b08-optimized.jpg\" class=\"attachment-large size-large wp-post-image\" alt=\"\" srcset=\"https:\/\/canal5.md\/wp-content\/uploads\/2025\/03\/afb94bdb14d8b441618e87149c2b0b08-optimized.jpg 809w, https:\/\/canal5.md\/wp-content\/uploads\/2025\/03\/afb94bdb14d8b441618e87149c2b0b08-300x169-optimized.jpg 300w, https:\/\/canal5.md\/wp-content\/uploads\/2025\/03\/afb94bdb14d8b441618e87149c2b0b08-768x433-optimized.jpg 768w, https:\/\/canal5.md\/wp-content\/uploads\/2025\/03\/afb94bdb14d8b441618e87149c2b0b08-696x392-optimized.jpg 696w\">Tot mai mul\u021bi oameni ai PAS-ului arat\u0103 c\u0103 termenul \u201dintegritate\u201d nu caracterizeaz\u0103 deloc. Directorul \u201eArena Chi\u0219in\u0103u\u201d, Sergiu Stanciu, fostul candidat din partea Partidului Ac\u021biune \u0219i Solidaritate la Prim\u0103ria Orhei, a fost prins de ANI c\u0103 a \u00eenc\u0103lcat regimul juridic al incompatibilit\u0103\u021bilor. Potrivit actului de constatare, acesta a de\u021binut concomitent mandatul de consilier municipal la Orhei [\u2026]<\/div>\n","protected":false},"author":1,"featured_media":69312,"comment_status":"closed","ping_status":"closed","sticky":false,"template":"","format":"standard","meta":{"jnews-multi-image_gallery":[],"jnews_single_post":[],"jnews_primary_category":[],"jnews_social_meta":[],"jnews_override_counter":[],"footnotes":""},"categories":[30],"tags":[],"class_list":["post-69311","post","type-post","status-publish","format-standard","has-post-thumbnail","hentry","category-social_ro"],"_links":{"self":[{"href":"https:\/\/orheifm.live\/index.php\/wp-json\/wp\/v2\/posts\/69311","targetHints":{"allow":["GET"]}}],"collection":[{"href":"https:\/\/orheifm.live\/index.php\/wp-json\/wp\/v2\/posts"}],"about":[{"href":"https:\/\/orheifm.live\/index.php\/wp-json\/wp\/v2\/types\/post"}],"author":[{"embeddable":true,"href":"https:\/\/orheifm.live\/index.php\/wp-json\/wp\/v2\/users\/1"}],"replies":[{"embeddable":true,"href":"https:\/\/orheifm.live\/index.php\/wp-json\/wp\/v2\/comments?post=69311"}],"version-history":[{"count":0,"href":"https:\/\/orheifm.live\/index.php\/wp-json\/wp\/v2\/posts\/69311\/revisions"}],"wp:featuredmedia":[{"embeddable":true,"href":"https:\/\/orheifm.live\/index.php\/wp-json\/wp\/v2\/media\/69312"}],"wp:attachment":[{"href":"https:\/\/orheifm.live\/index.php\/wp-json\/wp\/v2\/media?parent=69311"}],"wp:term":[{"taxonomy":"category","embeddable":true,"href":"https:\/\/orheifm.live\/index.php\/wp-json\/wp\/v2\/categories?post=69311"},{"taxonomy":"post_tag","embeddable":true,"href":"https:\/\/orheifm.live\/index.php\/wp-json\/wp\/v2\/tags?post=69311"}],"curies":[{"name":"wp","href":"https:\/\/api.w.org\/{rel}","templated":true}]}}