{"id":69309,"date":"2025-03-18T21:36:43","date_gmt":"2025-03-18T19:36:43","guid":{"rendered":"https:\/\/orheifm.live\/index.php\/2025\/03\/18\/in-europa-exista-multe-tari-cu-mai-multe-limbi-oficiale-in-care-se-preda-in-scoli-insa-pas-urmeaza-exemplul-unde-sunt-incalcate-drepturile-minoritatilor-nationale-video\/"},"modified":"2025-03-18T21:36:43","modified_gmt":"2025-03-18T19:36:43","slug":"in-europa-exista-multe-tari-cu-mai-multe-limbi-oficiale-in-care-se-preda-in-scoli-insa-pas-urmeaza-exemplul-unde-sunt-incalcate-drepturile-minoritatilor-nationale-video","status":"publish","type":"post","link":"https:\/\/orheifm.live\/index.php\/2025\/03\/18\/in-europa-exista-multe-tari-cu-mai-multe-limbi-oficiale-in-care-se-preda-in-scoli-insa-pas-urmeaza-exemplul-unde-sunt-incalcate-drepturile-minoritatilor-nationale-video\/","title":{"rendered":"\u00cen Europa exist\u0103 multe \u021b\u0103ri cu mai multe limbi oficiale, \u00een care se pred\u0103 \u00een \u0219coli, \u00eens\u0103 PAS urmeaz\u0103 exemplul unde sunt \u00eenc\u0103lcate drepturile minorit\u0103\u021bilor na\u021bionale |VIDEO"},"content":{"rendered":"<div>\n<p><strong>\u00cen lume exist\u0103 multe \u021b\u0103ri \u00een care se vorbesc c\u00e2teva limbi oficiale sau de stat. Aceste limbi sunt utilizate \u00een toate domeniile vie\u021bii \u2013 \u00een documentele oficiale, \u00een via\u021ba de zi cu zi \u0219i \u00een procesul educa\u021bional din \u0219coli, colegii \u0219i universit\u0103\u021bi. <\/strong><br \/>\n<iframe loading=\"lazy\" title=\"YouTube video player\" src=\"https:\/\/www.youtube.com\/embed\/YE26vO7tzwE?si=4P2EwTyq-NBsPZS6\" width=\"560\" height=\"315\" frameborder=\"0\" allowfullscreen=\"allowfullscreen\"><\/iframe><br \/>\nMulte dintre aceste state se afl\u0103 \u00een Uniunea European\u0103, organiza\u021bie la care actuala conducere a Moldovei dore\u0219te s\u0103 adere, ridic\u00e2nd integrarea european\u0103 aproape la rangul unei religii de stat. Cu toate acestea, \u00een ceea ce prive\u0219te limbile \u0219i educa\u021bia, guvernul PAS din Moldova, dup\u0103 cum afirm\u0103 deputatul Davidovici, se orienteaz\u0103, \u00een mod surprinz\u0103tor, c\u0103tre Estonia \u2013 o \u021bar\u0103 care nu este considerat\u0103 nici cea mai dezvoltat\u0103, nici cea mai influent\u0103 din Uniunea European\u0103.<\/p>\n<p>\u00cen lume exist\u0103 multe \u021b\u0103ri cu dou\u0103 sau mai multe limbi oficiale, iar multe dintre ele se afl\u0103 \u00een Europa.\u00a0 De exemplu, \u00een Regatul Unit sunt trei limbi oficiale \u2013 engleza, irlandeza \u0219i sco\u021biana. \u00cen Canada, a doua cea mai mare \u021bar\u0103 din lume, exist\u0103 dou\u0103 limbi oficiale \u2013 engleza \u0219i franceza.<\/p>\n<p>\u00cen Finlanda, pe l\u00e2ng\u0103 limba finlandez\u0103, limba oficial\u0103 este \u0219i suedeza. \u0218i nim\u0103nui nu i se pare ciudat c\u0103 limba finlandez\u0103 este matern\u0103 pentru aproximativ 87% din popula\u021bia \u021b\u0103rii, iar limba suedez\u0103 doar pentru 5%. Chiar \u0219i \u00een micul Luxemburg, unde locuiesc doar 660.000 de oameni, exist\u0103 trei limbi oficiale \u2013 luxemburgheza, franceza \u0219i germana.<\/p>\n<p>\u021a\u0102RI CU DOU\u0102 SAU MAI MULTE LIMBI OFICIALE<br \/>\nRegatul Unit: englez\u0103, irlandez\u0103, sco\u021bian\u0103<br \/>\nCanada: englez\u0103, francez\u0103<br \/>\nBelgia: francez\u0103, neerlandez\u0103, german\u0103<br \/>\nElve\u021bia: german\u0103, francez\u0103, italian\u0103, retoroman\u0103<br \/>\nLuxemburg: luxemburghez\u0103, francez\u0103, german\u0103<br \/>\nOlanda: neerlandez\u0103, frisian\u0103<br \/>\nFinlanda: finlandez\u0103, suedez\u0103)<\/p>\n<p>\u00cen majoritatea acestor \u021b\u0103ri, at\u00e2t actele oficiale, c\u00e2t \u0219i predarea \u00een institu\u021biile de \u00eenv\u0103\u021b\u0103m\u00e2nt se desf\u0103\u0219oar\u0103 \u00een toate limbile oficiale. Conform raportului din anul trecut al Fondul Na\u021biunilor Unite pentru Copii, UNICEF, utilizarea limbii materne \u00een educa\u021bie influen\u021beaz\u0103 pozitiv rezultatele elevilor, le spore\u0219te stima de sine \u0219i \u00eembun\u0103t\u0103\u021be\u0219te abilit\u0103\u021bile de g\u00e2ndire critic\u0103.<\/p>\n<p>De asemenea, politica de \u00eenv\u0103\u021b\u0103m\u00e2nt multilingvistic contribuie la transmiterea cuno\u0219tin\u021belor \u00eentre genera\u021bii \u0219i la p\u0103strarea culturii native, consider\u0103 speciali\u0219tii.<br \/>\nElve\u021bia nu este doar o \u021bar\u0103 dezvoltat\u0103 \u0219i bogat\u0103, cu un nivel de trai ridicat \u0219i un sistem bancar de \u00eencredere, ci \u0219i patria uneia dintre cele mai avansate sisteme educa\u021bionale din Europa.<\/p>\n<p>Elve\u021bia nu este doar o \u021bar\u0103 dezvoltat\u0103 \u0219i bogat\u0103, cu un nivel de trai ridicat, una dintre cele mai de \u00eencredere sisteme bancare, Alpii, lacurile, ca\u0219cavalul \u0219i ciocolata, dar \u0219i patria uneia dintre cele mai perfecte sisteme educa\u021bionale din Europa.<\/p>\n<p>Diplomele elve\u021biene sunt foarte apreciate \u00een \u00eentreaga lume. Aici exist\u0103 patru limbi oficiale \u2013 german\u0103, francez\u0103, italian\u0103 \u0219i retoroman\u0103, iar \u00eenv\u0103\u021b\u0103m\u00e2ntul este disponibil \u00een limba german\u0103, francez\u0103, italian\u0103 \u0219i englez\u0103.<\/p>\n<p>Cea mai r\u0103sp\u00e2ndit\u0103 este limba german\u0103. Peste 64% din popula\u021bia \u021b\u0103rii vorbe\u0219te germana, astfel c\u0103 \u00een majoritatea colegiilor, \u0219colilor \u0219i universit\u0103\u021bilor se pred\u0103 \u00een limba german\u0103. Limba francez\u0103 este vorbit\u0103 de aproximativ 20% din popula\u021bie \u2013 \u00een principal \u00een partea de sud-vest a Elve\u021biei.<\/p>\n<p>\u00cen \u0219coli \u0219i colegii, predarea se face \u00een limba francez\u0103. Limba italian\u0103 este vorbit\u0103 de aproximativ 6-8% din popula\u021bie, totu\u0219i, pentru ace\u0219tia sunt deschise \u0219coli secundare \u0219i chiar o universitate cu programe \u00een limba italian\u0103.<\/p>\n<p>\u00cen Tirolul de Sud \u2013 o provincie a Italiei, conform celui mai recent recens\u0103m\u00e2nt, 69% din popula\u021bie vorbe\u0219te limba german\u0103. Aici toate documentele sunt disponibile \u00een cele dou\u0103 limbi oficiale ale regiunii \u2013 italian\u0103 \u0219i german\u0103. Educa\u021bia la toate nivelurile \u2013 pre\u0219colar\u0103, primar\u0103, secundar\u0103 \u2013 poate fi desf\u0103\u0219urat\u0103 fie \u00een limba italian\u0103, fie \u00een limba german\u0103. P\u0103rin\u021bii aleg individual \u00een ce limb\u0103 vor \u00eenv\u0103\u021ba copiii lor.<\/p>\n<p>\u00cen Belgia, a c\u0103rei capital\u0103 Bruxelles este considerat\u0103 capitala neoficial\u0103 a Uniunii Europene, exist\u0103 trei limbi oficiale \u2013 franceza, flamanda \u0219i germana. \u00cenv\u0103\u021b\u0103m\u00e2ntul se desf\u0103\u0219oar\u0103 \u00een toate aceste limbi \u2013 \u00een func\u021bie de regiune, dar \u0219i \u00een limba englez\u0103.<\/p>\n<p>Mai mult dec\u00e2t at\u00e2t, unele institu\u021bii de \u00eenv\u0103\u021b\u0103m\u00e2nt din Belgia ofer\u0103 programe chiar \u0219i \u00een limba rus\u0103, ceea ce face ca ob\u021binerea unei educa\u021bii \u00een \u021bar\u0103 s\u0103 fie mai accesibil\u0103, inclusiv pentru str\u0103ini. Sistemul educa\u021bional din Belgia se afl\u0103 printre primele 20 din lume.<\/p>\n<p>C\u00e2t despre Estonia, ale c\u0103rei experien\u021be, conform deputatului PAS Davidovici, inten\u021bioneaz\u0103 s\u0103 le preia, pentru a desfiin\u021ba \u00een cele din urm\u0103 educa\u021bia \u0219colar\u0103 \u00een limba rus\u0103, \u00een vara anului 2023 ONU a avertizat Tallinn-ul cu privire la \u00eenc\u0103lcarea normelor interna\u021bionale \u0219i a drepturilor omului \u00een leg\u0103tur\u0103 cu interdic\u021bia de a \u00eenv\u0103\u021ba \u00een limba rus\u0103.<\/p>\n<p>\u00centr-un cuv\u00e2nt, nu este chiar cel mai bun exemplu la care ar trebui s\u0103 ne raport\u0103m. Conform estim\u0103rilor din 2023, num\u0103rul ru\u0219ilor din Estonia era de peste 306.000 de persoane, adic\u0103 22,5% din popula\u021bia total\u0103.<\/p>\n<p>Dac\u0103 autorit\u0103\u021bile moldovene\u0219ti sunt at\u00e2t de impresionate de experien\u021ba Estoniei, \u00een ciuda criticii ONU, se pare c\u0103 urm\u0103torul pas al PAS-ului \u00een preluarea experien\u021bei rusofobe a Estoniei va fi elaborarea unui proiect de lege care s\u0103 limiteze dreptul cet\u0103\u021benilor vorbitori de limb\u0103 rus\u0103 de a vota la alegerile locale. Un astfel de document a fost depus \u00een parlamentul eston \u00een noiembrie anul trecut.<\/p>\n<\/div>\n","protected":false},"excerpt":{"rendered":"<div><img loading=\"lazy\" decoding=\"async\" width=\"696\" height=\"463\" src=\"https:\/\/canal5.md\/wp-content\/uploads\/2025\/03\/i-7-optimized.webp\" class=\"attachment-large size-large wp-post-image\" alt=\"\" srcset=\"https:\/\/canal5.md\/wp-content\/uploads\/2025\/03\/i-7-optimized.webp 700w, https:\/\/canal5.md\/wp-content\/uploads\/2025\/03\/i-7-300x200-optimized.webp 300w, https:\/\/canal5.md\/wp-content\/uploads\/2025\/03\/i-7-696x463-optimized.webp 696w\">\u00cen lume exist\u0103 multe \u021b\u0103ri \u00een care se vorbesc c\u00e2teva limbi oficiale sau de stat. Aceste limbi sunt utilizate \u00een toate domeniile vie\u021bii \u2013 \u00een documentele oficiale, \u00een via\u021ba de zi cu zi \u0219i \u00een procesul educa\u021bional din \u0219coli, colegii \u0219i universit\u0103\u021bi. Multe dintre aceste state se afl\u0103 \u00een Uniunea European\u0103, organiza\u021bie la care actuala [\u2026]<\/div>\n","protected":false},"author":1,"featured_media":69310,"comment_status":"closed","ping_status":"closed","sticky":false,"template":"","format":"standard","meta":{"jnews-multi-image_gallery":[],"jnews_single_post":[],"jnews_primary_category":[],"jnews_social_meta":[],"jnews_override_counter":[],"footnotes":""},"categories":[23],"tags":[],"class_list":["post-69309","post","type-post","status-publish","format-standard","has-post-thumbnail","hentry","category-politica_ro"],"_links":{"self":[{"href":"https:\/\/orheifm.live\/index.php\/wp-json\/wp\/v2\/posts\/69309","targetHints":{"allow":["GET"]}}],"collection":[{"href":"https:\/\/orheifm.live\/index.php\/wp-json\/wp\/v2\/posts"}],"about":[{"href":"https:\/\/orheifm.live\/index.php\/wp-json\/wp\/v2\/types\/post"}],"author":[{"embeddable":true,"href":"https:\/\/orheifm.live\/index.php\/wp-json\/wp\/v2\/users\/1"}],"replies":[{"embeddable":true,"href":"https:\/\/orheifm.live\/index.php\/wp-json\/wp\/v2\/comments?post=69309"}],"version-history":[{"count":0,"href":"https:\/\/orheifm.live\/index.php\/wp-json\/wp\/v2\/posts\/69309\/revisions"}],"wp:featuredmedia":[{"embeddable":true,"href":"https:\/\/orheifm.live\/index.php\/wp-json\/wp\/v2\/media\/69310"}],"wp:attachment":[{"href":"https:\/\/orheifm.live\/index.php\/wp-json\/wp\/v2\/media?parent=69309"}],"wp:term":[{"taxonomy":"category","embeddable":true,"href":"https:\/\/orheifm.live\/index.php\/wp-json\/wp\/v2\/categories?post=69309"},{"taxonomy":"post_tag","embeddable":true,"href":"https:\/\/orheifm.live\/index.php\/wp-json\/wp\/v2\/tags?post=69309"}],"curies":[{"name":"wp","href":"https:\/\/api.w.org\/{rel}","templated":true}]}}