{"id":69303,"date":"2025-03-18T18:56:08","date_gmt":"2025-03-18T16:56:08","guid":{"rendered":"https:\/\/orheifm.live\/index.php\/2025\/03\/18\/grav-incendiu-in-satul-nicoreni-familia-tomuz-a-ramas-fara-casa\/"},"modified":"2025-03-18T18:56:08","modified_gmt":"2025-03-18T16:56:08","slug":"grav-incendiu-in-satul-nicoreni-familia-tomuz-a-ramas-fara-casa","status":"publish","type":"post","link":"https:\/\/orheifm.live\/index.php\/2025\/03\/18\/grav-incendiu-in-satul-nicoreni-familia-tomuz-a-ramas-fara-casa\/","title":{"rendered":"Grav incendiu \u00een satul Nicoreni. Familia Tomuz a r\u0103mas f\u0103r\u0103 cas\u0103"},"content":{"rendered":"<div>\n<h4 data-start=\"90\" data-end=\"419\"><strong>Un incendiu devastator a avut loc ieri diminea\u021b\u0103 \u00een satul Nicoreni, raionul Drochia, care a l\u0103sat familia Tomuz f\u0103r\u0103 locuin\u021b\u0103. Maria Tomuz, \u00eempreun\u0103 cu fiul s\u0103u Maxim, fratele \u0219i mama sa, locuiau \u00een casa care a ars complet. Cauza incendiului pare a fi aprinderea focului \u00een sob\u0103.<\/strong><\/h4>\n<p data-start=\"421\" data-end=\"958\">Conform m\u0103rturiilor localnicilor, Maria, o femeie muncitoare, a venit diminea\u021ba s\u0103 ajute o vecin\u0103 cu treburile gospod\u0103re\u0219ti, iar mai apoi s-a \u00eentors acas\u0103 pentru a aprinde focul \u0219i a preg\u0103ti de m\u00e2ncare. Dup\u0103 pr\u00e2nz, ea a revenit la munc\u0103, l\u0103s\u00e2ndu-l acas\u0103 pe fratele ei. \u00cen timp ce ace\u0219tia erau pleca\u021bi, un vecin a observat fumul \u0219i fl\u0103c\u0103rile \u0219i a alertat al\u021bi localnici. Fratele Mariei, dormea, de la strig\u0103te \u2013 s-a trezit, a reu\u0219it s\u0103 ias\u0103 din cas\u0103 \u0219i s\u0103 \u00eencerce s\u0103 sting\u0103 focul cu g\u0103le\u021bi de ap\u0103, \u00eens\u0103 din cauza v\u00e2ntului puternic, fl\u0103c\u0103rile s-au extins rapid.<\/p>\n<p data-start=\"960\" data-end=\"1392\">\u201eFocul s-a aprins de la sob\u0103. Diminea\u021ba au aprins focul pentru a prepara m\u00e2ncarea, c\u0103 nu aveau plit\u0103 de gaz \u00een cas\u0103. Dup\u0103 ce au m\u00e2ncat, s-au dus de-acas\u0103. Din p\u0103cate, nu au reu\u0219it s\u0103 salveze nimic din cas\u0103. C\u00e2nd au ajuns pompierii, focul era deja prea mare \u0219i, chiar \u0219i dup\u0103 ce au stins fl\u0103c\u0103rile, fumul ie\u0219ea din cas\u0103,\u201d a declarat Elena Apostol, o localnic\u0103 din satul Nicoreni, care a oferit detalii despre tragedia familiei Tomuz.<\/p>\n<p data-start=\"1394\" data-end=\"1848\">Familia Tomuz a r\u0103mas pe drumuri, iar localnicii fac apel la solidaritate pentru a-i ajuta s\u0103 reconstruiasc\u0103 o cas\u0103 mic\u0103 \u0219i s\u0103 \u00ee\u0219i refac\u0103 via\u021ba. Elena Apostol, care a \u00eenceput deja s\u0103 str\u00e2ng\u0103 dona\u021bii, a lansat un apel c\u0103tre to\u021bi cei care pot s\u0103 ajute: \u201eV\u0103 rug\u0103m s\u0103 veni\u021bi cu o m\u00e2n\u0103 de ajutor financiar pentru aceast\u0103 familie. Orice sum\u0103 conteaz\u0103. Haide\u021bi s\u0103 \u00eei ajut\u0103m s\u0103 \u00ee\u0219i construiasc\u0103 o c\u0103su\u021b\u0103 \u0219i s\u0103 le oferim sprijinul nostru \u00een aceste momente grele.\u201d<\/p>\n<p data-start=\"1850\" data-end=\"2236\">Pentru cei care doresc s\u0103 ajute, dona\u021biile pot fi f\u0103cute la num\u0103rul de telefon 068433394 (Elena Apostol) sau direct pe cardul bancar Moldincombank 5188 9402 9252 0715, detaliu pentru care Elena a f\u0103cut apel, \u00eentruc\u00e2t familia nu dispune de cont bancar propriu. De asemenea, se sper\u0103 ca \u0219i Prim\u0103ria s\u0103 se implice \u00een acest proiect \u0219i s\u0103 contribuie la ridicarea unui ad\u0103post pentru familie.<\/p>\n<p data-start=\"1850\" data-end=\"2236\"><a href=\"https:\/\/observatorul.md\/grav-incendiu-in-satul-nicoreni-familia-tomuz-a-ramas-fara-casa\/\">observatorul.md<\/a><\/p>\n<\/div>\n","protected":false},"excerpt":{"rendered":"<div><img loading=\"lazy\" decoding=\"async\" width=\"696\" height=\"522\" src=\"https:\/\/canal5.md\/wp-content\/uploads\/2025\/03\/485069785_1306910843755477_3535171862914994563_n-1024x768-optimized.webp\" class=\"attachment-large size-large wp-post-image\" alt=\"\" srcset=\"https:\/\/canal5.md\/wp-content\/uploads\/2025\/03\/485069785_1306910843755477_3535171862914994563_n-1024x768-optimized.webp 1024w, https:\/\/canal5.md\/wp-content\/uploads\/2025\/03\/485069785_1306910843755477_3535171862914994563_n-300x225-optimized.webp 300w, https:\/\/canal5.md\/wp-content\/uploads\/2025\/03\/485069785_1306910843755477_3535171862914994563_n-768x576-optimized.webp 768w, https:\/\/canal5.md\/wp-content\/uploads\/2025\/03\/485069785_1306910843755477_3535171862914994563_n-696x522-optimized.webp 696w, https:\/\/canal5.md\/wp-content\/uploads\/2025\/03\/485069785_1306910843755477_3535171862914994563_n-1068x801-optimized.webp 1068w, https:\/\/canal5.md\/wp-content\/uploads\/2025\/03\/485069785_1306910843755477_3535171862914994563_n-optimized.webp 1392w\">Un incendiu devastator a avut loc ieri diminea\u021b\u0103 \u00een satul Nicoreni, raionul Drochia, care a l\u0103sat familia Tomuz f\u0103r\u0103 locuin\u021b\u0103. Maria Tomuz, \u00eempreun\u0103 cu fiul s\u0103u Maxim, fratele \u0219i mama sa, locuiau \u00een casa care a ars complet. Cauza incendiului pare a fi aprinderea focului \u00een sob\u0103. Conform m\u0103rturiilor localnicilor, Maria, o femeie muncitoare, a [\u2026]<\/div>\n","protected":false},"author":1,"featured_media":69304,"comment_status":"closed","ping_status":"closed","sticky":false,"template":"","format":"standard","meta":{"jnews-multi-image_gallery":[],"jnews_single_post":[],"jnews_primary_category":[],"jnews_social_meta":[],"jnews_override_counter":[],"footnotes":""},"categories":[30],"tags":[],"class_list":["post-69303","post","type-post","status-publish","format-standard","has-post-thumbnail","hentry","category-social_ro"],"_links":{"self":[{"href":"https:\/\/orheifm.live\/index.php\/wp-json\/wp\/v2\/posts\/69303","targetHints":{"allow":["GET"]}}],"collection":[{"href":"https:\/\/orheifm.live\/index.php\/wp-json\/wp\/v2\/posts"}],"about":[{"href":"https:\/\/orheifm.live\/index.php\/wp-json\/wp\/v2\/types\/post"}],"author":[{"embeddable":true,"href":"https:\/\/orheifm.live\/index.php\/wp-json\/wp\/v2\/users\/1"}],"replies":[{"embeddable":true,"href":"https:\/\/orheifm.live\/index.php\/wp-json\/wp\/v2\/comments?post=69303"}],"version-history":[{"count":0,"href":"https:\/\/orheifm.live\/index.php\/wp-json\/wp\/v2\/posts\/69303\/revisions"}],"wp:featuredmedia":[{"embeddable":true,"href":"https:\/\/orheifm.live\/index.php\/wp-json\/wp\/v2\/media\/69304"}],"wp:attachment":[{"href":"https:\/\/orheifm.live\/index.php\/wp-json\/wp\/v2\/media?parent=69303"}],"wp:term":[{"taxonomy":"category","embeddable":true,"href":"https:\/\/orheifm.live\/index.php\/wp-json\/wp\/v2\/categories?post=69303"},{"taxonomy":"post_tag","embeddable":true,"href":"https:\/\/orheifm.live\/index.php\/wp-json\/wp\/v2\/tags?post=69303"}],"curies":[{"name":"wp","href":"https:\/\/api.w.org\/{rel}","templated":true}]}}