{"id":69299,"date":"2025-03-18T16:40:55","date_gmt":"2025-03-18T14:40:55","guid":{"rendered":"https:\/\/orheifm.live\/index.php\/2025\/03\/18\/incendiu-de-vegetatie-in-sudul-moldovei-pompierii-din-cahul-au-stins-flacarile\/"},"modified":"2025-03-18T16:40:55","modified_gmt":"2025-03-18T14:40:55","slug":"incendiu-de-vegetatie-in-sudul-moldovei-pompierii-din-cahul-au-stins-flacarile","status":"publish","type":"post","link":"https:\/\/orheifm.live\/index.php\/2025\/03\/18\/incendiu-de-vegetatie-in-sudul-moldovei-pompierii-din-cahul-au-stins-flacarile\/","title":{"rendered":"Incendiu de vegeta\u021bie \u00een sudul Moldovei: Pompierii din Cahul au stins fl\u0103c\u0103rile"},"content":{"rendered":"<div>\n<p><strong>Pompierii din sudul Moldovei au intervenit pentru stingerea unui incendiu de vegeta\u021bie \u00een zona Lunca Prutului, raionul Cahul, \u00een diminea\u021ba zilei de 17 martie, la ora 10:50. <\/strong><\/p>\n<p>Dou\u0103 echipe de salvatori au fost trimise la fa\u021ba locului, unde au descoperit c\u0103 o vast\u0103 suprafa\u021b\u0103 de stuf\u0103ri\u0219 era cuprins\u0103 de fl\u0103c\u0103ri. Dup\u0103 c\u00e2teva ore de lupt\u0103 cu focul, incendiul a fost localizat la ora 19:12 \u0219i complet stins la 19:41.<\/p>\n<p>P\u00e2n\u0103 la momentul stingerii, au ars 10 hectare de stuf\u0103ri\u0219, \u00eens\u0103 nu s-au \u00eenregistrat victime.<\/p>\n<p>Inspectoratul General pentru Situa\u021bii de Urgen\u021b\u0103 (IGSU) reaminte\u0219te cet\u0103\u021benilor s\u0103 evite aprinderea vegeta\u021biei uscate \u0219i a stuf\u0103ri\u0219ului, \u00eentruc\u00e2t astfel de ac\u021biuni pot duce la incendii de amploare, cu grave consecin\u021be asupra mediului. IGSU avertizeaz\u0103 c\u0103 persoanele care \u00eencalc\u0103 legea risc\u0103 amenzi sau munc\u0103 neremunerat\u0103, conform Codului Contraven\u021bional.<\/p>\n<\/div>\n","protected":false},"excerpt":{"rendered":"<div><img loading=\"lazy\" decoding=\"async\" width=\"696\" height=\"505\" src=\"https:\/\/canal5.md\/wp-content\/uploads\/2025\/03\/f31b92892deb17e40096806b7631b75671c25bfb3905834f20dc3a0bb8cfb7c9-1068x775-1-1024x743-optimized.jpg\" class=\"attachment-large size-large wp-post-image\" alt=\"\" srcset=\"https:\/\/canal5.md\/wp-content\/uploads\/2025\/03\/f31b92892deb17e40096806b7631b75671c25bfb3905834f20dc3a0bb8cfb7c9-1068x775-1-1024x743-optimized.jpg 1024w, https:\/\/canal5.md\/wp-content\/uploads\/2025\/03\/f31b92892deb17e40096806b7631b75671c25bfb3905834f20dc3a0bb8cfb7c9-1068x775-1-300x218-optimized.jpg 300w, https:\/\/canal5.md\/wp-content\/uploads\/2025\/03\/f31b92892deb17e40096806b7631b75671c25bfb3905834f20dc3a0bb8cfb7c9-1068x775-1-768x557-optimized.jpg 768w, https:\/\/canal5.md\/wp-content\/uploads\/2025\/03\/f31b92892deb17e40096806b7631b75671c25bfb3905834f20dc3a0bb8cfb7c9-1068x775-1-696x505-optimized.jpg 696w, https:\/\/canal5.md\/wp-content\/uploads\/2025\/03\/f31b92892deb17e40096806b7631b75671c25bfb3905834f20dc3a0bb8cfb7c9-1068x775-1-324x235-optimized.jpg 324w, https:\/\/canal5.md\/wp-content\/uploads\/2025\/03\/f31b92892deb17e40096806b7631b75671c25bfb3905834f20dc3a0bb8cfb7c9-1068x775-1-648x470-optimized.jpg 648w, https:\/\/canal5.md\/wp-content\/uploads\/2025\/03\/f31b92892deb17e40096806b7631b75671c25bfb3905834f20dc3a0bb8cfb7c9-1068x775-1-optimized.jpg 1068w\">Pompierii din sudul Moldovei au intervenit pentru stingerea unui incendiu de vegeta\u021bie \u00een zona Lunca Prutului, raionul Cahul, \u00een diminea\u021ba zilei de 17 martie, la ora 10:50. Dou\u0103 echipe de salvatori au fost trimise la fa\u021ba locului, unde au descoperit c\u0103 o vast\u0103 suprafa\u021b\u0103 de stuf\u0103ri\u0219 era cuprins\u0103 de fl\u0103c\u0103ri. Dup\u0103 c\u00e2teva ore de lupt\u0103 [\u2026]<\/div>\n","protected":false},"author":1,"featured_media":69300,"comment_status":"closed","ping_status":"closed","sticky":false,"template":"","format":"standard","meta":{"jnews-multi-image_gallery":[],"jnews_single_post":[],"jnews_primary_category":[],"jnews_social_meta":[],"jnews_override_counter":[],"footnotes":""},"categories":[30],"tags":[],"class_list":["post-69299","post","type-post","status-publish","format-standard","has-post-thumbnail","hentry","category-social_ro"],"_links":{"self":[{"href":"https:\/\/orheifm.live\/index.php\/wp-json\/wp\/v2\/posts\/69299","targetHints":{"allow":["GET"]}}],"collection":[{"href":"https:\/\/orheifm.live\/index.php\/wp-json\/wp\/v2\/posts"}],"about":[{"href":"https:\/\/orheifm.live\/index.php\/wp-json\/wp\/v2\/types\/post"}],"author":[{"embeddable":true,"href":"https:\/\/orheifm.live\/index.php\/wp-json\/wp\/v2\/users\/1"}],"replies":[{"embeddable":true,"href":"https:\/\/orheifm.live\/index.php\/wp-json\/wp\/v2\/comments?post=69299"}],"version-history":[{"count":0,"href":"https:\/\/orheifm.live\/index.php\/wp-json\/wp\/v2\/posts\/69299\/revisions"}],"wp:featuredmedia":[{"embeddable":true,"href":"https:\/\/orheifm.live\/index.php\/wp-json\/wp\/v2\/media\/69300"}],"wp:attachment":[{"href":"https:\/\/orheifm.live\/index.php\/wp-json\/wp\/v2\/media?parent=69299"}],"wp:term":[{"taxonomy":"category","embeddable":true,"href":"https:\/\/orheifm.live\/index.php\/wp-json\/wp\/v2\/categories?post=69299"},{"taxonomy":"post_tag","embeddable":true,"href":"https:\/\/orheifm.live\/index.php\/wp-json\/wp\/v2\/tags?post=69299"}],"curies":[{"name":"wp","href":"https:\/\/api.w.org\/{rel}","templated":true}]}}