{"id":69297,"date":"2025-03-18T16:19:34","date_gmt":"2025-03-18T14:19:34","guid":{"rendered":"https:\/\/orheifm.live\/index.php\/2025\/03\/18\/accident-tragic-la-bender-un-mort-si-doi-raniti-dupa-ce-un-autobuz-a-lovit-statia-de-asteptare\/"},"modified":"2025-03-18T16:19:34","modified_gmt":"2025-03-18T14:19:34","slug":"accident-tragic-la-bender-un-mort-si-doi-raniti-dupa-ce-un-autobuz-a-lovit-statia-de-asteptare","status":"publish","type":"post","link":"https:\/\/orheifm.live\/index.php\/2025\/03\/18\/accident-tragic-la-bender-un-mort-si-doi-raniti-dupa-ce-un-autobuz-a-lovit-statia-de-asteptare\/","title":{"rendered":"Accident tragic la Bender: Un mort \u0219i doi r\u0103ni\u021bi dup\u0103 ce un autobuz a lovit sta\u021bia de a\u0219teptare"},"content":{"rendered":"<div>\n<p><strong>Un accident tragic a avut loc \u00een ora\u0219ul Bender, unde un autobuz de linie a lovit o sta\u021bie de a\u0219teptare, provoc\u00e2nd moartea unei persoane \u0219i r\u0103nirea altor dou\u0103. <\/strong><\/p>\n<p>\u00cen timp ce autobuzul \u00eentorcea la sta\u021bia terminus, \u0219oferului i s-a f\u0103cut r\u0103u \u0219i a pierdut controlul vehiculului, care a intrat \u00een sta\u021bie, unde se aflau trei persoane. Una dintre ele a fost lovit\u0103 mortal.<\/p>\n<p>\u0218oferul \u0219i \u00eenc\u0103 o persoan\u0103 aflat\u0103 \u00een sta\u021bie au fost transporta\u021bi la spital. \u00cen momentul impactului, autobuzul nu avea pasageri.<\/p>\n<\/div>\n","protected":false},"excerpt":{"rendered":"<div><img loading=\"lazy\" decoding=\"async\" width=\"696\" height=\"392\" src=\"https:\/\/canal5.md\/wp-content\/uploads\/2025\/03\/photo_2025-03-18_16-16-59-1024x576-optimized.jpg\" class=\"attachment-large size-large wp-post-image\" alt=\"\" srcset=\"https:\/\/canal5.md\/wp-content\/uploads\/2025\/03\/photo_2025-03-18_16-16-59-1024x576-optimized.jpg 1024w, https:\/\/canal5.md\/wp-content\/uploads\/2025\/03\/photo_2025-03-18_16-16-59-300x169-optimized.jpg 300w, https:\/\/canal5.md\/wp-content\/uploads\/2025\/03\/photo_2025-03-18_16-16-59-768x432-optimized.jpg 768w, https:\/\/canal5.md\/wp-content\/uploads\/2025\/03\/photo_2025-03-18_16-16-59-696x392-optimized.jpg 696w, https:\/\/canal5.md\/wp-content\/uploads\/2025\/03\/photo_2025-03-18_16-16-59-1068x601-optimized.jpg 1068w, https:\/\/canal5.md\/wp-content\/uploads\/2025\/03\/photo_2025-03-18_16-16-59-optimized.jpg 1280w\">Un accident tragic a avut loc \u00een ora\u0219ul Bender, unde un autobuz de linie a lovit o sta\u021bie de a\u0219teptare, provoc\u00e2nd moartea unei persoane \u0219i r\u0103nirea altor dou\u0103. \u00cen timp ce autobuzul \u00eentorcea la sta\u021bia terminus, \u0219oferului i s-a f\u0103cut r\u0103u \u0219i a pierdut controlul vehiculului, care a intrat \u00een sta\u021bie, unde se aflau trei [\u2026]<\/div>\n","protected":false},"author":1,"featured_media":69298,"comment_status":"closed","ping_status":"closed","sticky":false,"template":"","format":"standard","meta":{"jnews-multi-image_gallery":[],"jnews_single_post":[],"jnews_primary_category":[],"jnews_social_meta":[],"jnews_override_counter":[],"footnotes":""},"categories":[30],"tags":[],"class_list":["post-69297","post","type-post","status-publish","format-standard","has-post-thumbnail","hentry","category-social_ro"],"_links":{"self":[{"href":"https:\/\/orheifm.live\/index.php\/wp-json\/wp\/v2\/posts\/69297","targetHints":{"allow":["GET"]}}],"collection":[{"href":"https:\/\/orheifm.live\/index.php\/wp-json\/wp\/v2\/posts"}],"about":[{"href":"https:\/\/orheifm.live\/index.php\/wp-json\/wp\/v2\/types\/post"}],"author":[{"embeddable":true,"href":"https:\/\/orheifm.live\/index.php\/wp-json\/wp\/v2\/users\/1"}],"replies":[{"embeddable":true,"href":"https:\/\/orheifm.live\/index.php\/wp-json\/wp\/v2\/comments?post=69297"}],"version-history":[{"count":0,"href":"https:\/\/orheifm.live\/index.php\/wp-json\/wp\/v2\/posts\/69297\/revisions"}],"wp:featuredmedia":[{"embeddable":true,"href":"https:\/\/orheifm.live\/index.php\/wp-json\/wp\/v2\/media\/69298"}],"wp:attachment":[{"href":"https:\/\/orheifm.live\/index.php\/wp-json\/wp\/v2\/media?parent=69297"}],"wp:term":[{"taxonomy":"category","embeddable":true,"href":"https:\/\/orheifm.live\/index.php\/wp-json\/wp\/v2\/categories?post=69297"},{"taxonomy":"post_tag","embeddable":true,"href":"https:\/\/orheifm.live\/index.php\/wp-json\/wp\/v2\/tags?post=69297"}],"curies":[{"name":"wp","href":"https:\/\/api.w.org\/{rel}","templated":true}]}}