{"id":69293,"date":"2025-03-18T15:28:35","date_gmt":"2025-03-18T13:28:35","guid":{"rendered":"https:\/\/orheifm.live\/index.php\/2025\/03\/18\/munca-la-cec-o-afacere-profitabila-veniturile-lui-pavel-postica-au-crescut-cu-66-in-2024\/"},"modified":"2025-03-18T15:28:35","modified_gmt":"2025-03-18T13:28:35","slug":"munca-la-cec-o-afacere-profitabila-veniturile-lui-pavel-postica-au-crescut-cu-66-in-2024","status":"publish","type":"post","link":"https:\/\/orheifm.live\/index.php\/2025\/03\/18\/munca-la-cec-o-afacere-profitabila-veniturile-lui-pavel-postica-au-crescut-cu-66-in-2024\/","title":{"rendered":"Munca la CEC \u2013 o afacere profitabil\u0103? Veniturile lui Pavel Postic\u0103 au crescut cu 66% \u00een 2024"},"content":{"rendered":"<div>\n<p><strong>Anul 2024 a adus o cre\u0219tere semnificativ\u0103 a veniturilor pentru vicepre\u0219edintele Comisiei Electorale Centrale, Pavel Postic\u0103, care \u0219i-a v\u0103zut salariul anual cresc\u00e2nd cu aproape 66%. Astfel, Postic\u0103 a \u00eenregistrat un venit de aproape 794.000 de lei, cu 315.000 de lei mai mult fa\u021b\u0103 de 2023. Aproape \u00eentreaga sum\u0103 a fost cheltuit\u0103 pentru achizi\u021bionarea unui automobil.<\/strong><br \/>\n<iframe loading=\"lazy\" title=\"YouTube video player\" src=\"https:\/\/www.youtube.com\/embed\/-LvlK2jd38Y?si=2UtUvZOiwpRZc5VX\" width=\"560\" height=\"315\" frameborder=\"0\" allowfullscreen=\"allowfullscreen\"><\/iframe><\/p>\n<p>Conform declara\u021biei de avere \u0219i interese personale depuse de Pavel Postic\u0103 la ANI anul trecut,\u00a0 vicepre\u0219edintele CEC a \u00eenregistrat un salariu anual de 793.643 de lei, ceea ce \u00eenseamn\u0103 un venit lunar de aproximativ 66.000 de lei. Cheltuielile pentru deplas\u0103ri au fost de 65.000 de lei. So\u021bia lui Pavel Postic\u0103, angajat\u0103 \u00een cadrul Ministerului Afacerilor Interne, a ob\u021binut un salariu de aproape 288.000 de lei, iar din indemniza\u021bii de deplasare a \u00eencasat aproape 73.000 de lei.<\/p>\n<p>Postic\u0103 a declarat, de asemenea, un teren intravilan de 0,06 ha, dob\u00e2ndit \u00een 2014, \u0219i o cas\u0103 de locuit de 176 metri p\u0103tra\u021bi, a c\u0103rei valoare de pia\u021b\u0103 este estimat\u0103 la<br \/>\n744.000 de lei. Familia Postic\u0103 de\u021bine trei automobile: un Vaz, un Suzuki \u0219i un Ford Kuga, achizi\u021bionat anul trecut pentru suma de 31.880 de euro, aproape echivalentul unui salariu anual al lui Pavel Postic\u0103 de la CEC. De asemenea, familia a declarat cinci conturi bancare, \u00een care se afl\u0103 peste 137.000 de lei \u0219i 9.000 de roni.<\/p>\n<p>\u00cen declara\u021bia sa, Pavel Postic\u0103 a men\u021bionat \u0219i existen\u021ba unui credit de 200.000 de lei, contractat pe un an cu o dob\u00e2nd\u0103 de 9,9%, precum \u0219i o datorie anual\u0103 f\u0103r\u0103 dob\u00e2nd\u0103 de<br \/>\n11.000 de euro, pe care trebuie s\u0103 o returneze p\u00e2n\u0103 \u00een anul 2025. Pavel Postic\u0103 a fost ales vicepre\u0219edinte al CEC \u00een 2021, dup\u0103 o carier\u0103 de 15 ani \u00een domeniul non-guvernamental \u0219i \u00een poli\u021bie, activit\u0103\u021bi care au precedat func\u021bia actual\u0103.Salariu de la CEC \u2013 793643.27 MDL Salariu so\u021biei de la MAI \u2013 287967.76 MDL<br \/>\nConsiliul Europei diurna\/cheltuieli, cazare\/transport \u2013 8018.46 MDL Comisia Electoral\u0103 Central\u0103 diurna\/cheltuieli, cazare\/transport \u2013 57528.06 MDL<br \/>\nTeren intravilan \u2013 134974.00 MDL Cas\u0103 de locuit \u2013 744765.00 MDL Autoturism\/Ford Kuga \u2013 31880.00 EUR<br \/>\nAutoturism\/SUZUKI RX4 SCROSS \u2013 314357.33 MDL<br \/>\nAutoturism\/VAZ 2107 -10000.00 MDL<br \/>\n5 Conturi bancare<\/p>\n<\/div>\n","protected":false},"excerpt":{"rendered":"<div><img loading=\"lazy\" decoding=\"async\" width=\"696\" height=\"363\" src=\"https:\/\/canal5.md\/wp-content\/uploads\/2025\/03\/news-category-expertul-promo-lex-pavel-postica-a-fost-desemnat-membru-cec-optimized.jpg\" class=\"attachment-large size-large wp-post-image\" alt=\"\" srcset=\"https:\/\/canal5.md\/wp-content\/uploads\/2025\/03\/news-category-expertul-promo-lex-pavel-postica-a-fost-desemnat-membru-cec-optimized.jpg 870w, https:\/\/canal5.md\/wp-content\/uploads\/2025\/03\/news-category-expertul-promo-lex-pavel-postica-a-fost-desemnat-membru-cec-300x157-optimized.jpg 300w, https:\/\/canal5.md\/wp-content\/uploads\/2025\/03\/news-category-expertul-promo-lex-pavel-postica-a-fost-desemnat-membru-cec-768x401-optimized.jpg 768w, https:\/\/canal5.md\/wp-content\/uploads\/2025\/03\/news-category-expertul-promo-lex-pavel-postica-a-fost-desemnat-membru-cec-696x363-optimized.jpg 696w\">Anul 2024 a adus o cre\u0219tere semnificativ\u0103 a veniturilor pentru vicepre\u0219edintele Comisiei Electorale Centrale, Pavel Postic\u0103, care \u0219i-a v\u0103zut salariul anual cresc\u00e2nd cu aproape 66%. Astfel, Postic\u0103 a \u00eenregistrat un venit de aproape 794.000 de lei, cu 315.000 de lei mai mult fa\u021b\u0103 de 2023. Aproape \u00eentreaga sum\u0103 a fost cheltuit\u0103 pentru achizi\u021bionarea unui automobil. [\u2026]<\/div>\n","protected":false},"author":1,"featured_media":69294,"comment_status":"closed","ping_status":"closed","sticky":false,"template":"","format":"standard","meta":{"jnews-multi-image_gallery":[],"jnews_single_post":[],"jnews_primary_category":[],"jnews_social_meta":[],"jnews_override_counter":[],"footnotes":""},"categories":[23],"tags":[],"class_list":["post-69293","post","type-post","status-publish","format-standard","has-post-thumbnail","hentry","category-politica_ro"],"_links":{"self":[{"href":"https:\/\/orheifm.live\/index.php\/wp-json\/wp\/v2\/posts\/69293","targetHints":{"allow":["GET"]}}],"collection":[{"href":"https:\/\/orheifm.live\/index.php\/wp-json\/wp\/v2\/posts"}],"about":[{"href":"https:\/\/orheifm.live\/index.php\/wp-json\/wp\/v2\/types\/post"}],"author":[{"embeddable":true,"href":"https:\/\/orheifm.live\/index.php\/wp-json\/wp\/v2\/users\/1"}],"replies":[{"embeddable":true,"href":"https:\/\/orheifm.live\/index.php\/wp-json\/wp\/v2\/comments?post=69293"}],"version-history":[{"count":0,"href":"https:\/\/orheifm.live\/index.php\/wp-json\/wp\/v2\/posts\/69293\/revisions"}],"wp:featuredmedia":[{"embeddable":true,"href":"https:\/\/orheifm.live\/index.php\/wp-json\/wp\/v2\/media\/69294"}],"wp:attachment":[{"href":"https:\/\/orheifm.live\/index.php\/wp-json\/wp\/v2\/media?parent=69293"}],"wp:term":[{"taxonomy":"category","embeddable":true,"href":"https:\/\/orheifm.live\/index.php\/wp-json\/wp\/v2\/categories?post=69293"},{"taxonomy":"post_tag","embeddable":true,"href":"https:\/\/orheifm.live\/index.php\/wp-json\/wp\/v2\/tags?post=69293"}],"curies":[{"name":"wp","href":"https:\/\/api.w.org\/{rel}","templated":true}]}}