{"id":69291,"date":"2025-03-18T14:41:11","date_gmt":"2025-03-18T12:41:11","guid":{"rendered":"https:\/\/orheifm.live\/index.php\/2025\/03\/18\/inca-o-scumpire-tarifele-la-apa-si-canalizare-au-fost-majorate-in-chisinau\/"},"modified":"2025-03-18T14:41:11","modified_gmt":"2025-03-18T12:41:11","slug":"inca-o-scumpire-tarifele-la-apa-si-canalizare-au-fost-majorate-in-chisinau","status":"publish","type":"post","link":"https:\/\/orheifm.live\/index.php\/2025\/03\/18\/inca-o-scumpire-tarifele-la-apa-si-canalizare-au-fost-majorate-in-chisinau\/","title":{"rendered":"\u00cenc\u0103 o scumpire: Tarifele la ap\u0103 \u0219i canalizare au fost majorate \u00een Chi\u0219in\u0103u"},"content":{"rendered":"<div>\n<p><strong>\u00cenc\u0103 o scumpire. Locuitorii Capitalei vor trebui s\u0103 pl\u0103teasc\u0103 mai mult pentru serviciile de ap\u0103 \u0219i canalizare, dup\u0103 ce Agen\u021bia Na\u021bional\u0103 pentru Reglementare \u00een Energetic\u0103 a aprobat majorarea tarifelor.\u00a0<\/strong><br \/>\n<iframe loading=\"lazy\" title=\"YouTube video player\" src=\"https:\/\/www.youtube.com\/embed\/GcWUtl8gfgs?si=VYtaOPqvHPPLwXQC\" width=\"560\" height=\"315\" frameborder=\"0\" allowfullscreen=\"allowfullscreen\"><\/iframe><\/p>\n<p>Pre\u021bul pentru apa potabil\u0103 a crescut cu peste 24 la sut\u0103, de la 10,79 lei\/m\u00b3 la 12,99 lei\/m\u00b3. Mai scumpe au devenit \u0219i serviciile de canalizare pentru consumatorii casnici, care vor achita 5,63 lei\/m\u00b3, fa\u021b\u0103 de 4,17 lei\/m\u00b3 anterior. \u00cen schimb, consumatorii non casnici vor achita \u00een continuare 10,16 lei\/m\u00b3 pentru canalizare, f\u0103r\u0103 modific\u0103ri.<\/p>\n<p>Printre principalele cre\u0219teri se num\u0103r\u0103:<br \/>\nApa potabil\u0103: 12,99 lei\/m\u00b3 (cre\u0219tere de 2,20 lei\/m\u00b3 fa\u021b\u0103 de tariful anterior)<br \/>\nApa tehnologic\u0103: 12,23 lei\/m\u00b3 (cre\u0219tere de 4,12 lei\/m\u00b3)<br \/>\nCanalizare \u0219i epurare pentru consumatorii casnici: 5,63 lei\/m\u00b3 (cre\u0219tere de 1,45 lei\/m\u00b3)<\/p>\n<p>ANRE afirm\u0103 c\u0103 majorarea tarifelor vine \u00een contextul cre\u0219terii cheltuielilor de operare ale operatorului, \u00een special a celor cu energia electric\u0103 \u0219i infrastructura uzat\u0103, dar \u0219i pentru asigurarea continuit\u0103\u021bii serviciilor esen\u021biale. Noile tarife vor intra \u00een vigoare imediat dup\u0103 publicarea deciziei ANRE \u00een Monitorul Oficial.<br \/>\nMen\u021bion\u0103m c\u0103 scumpirea apei vine dup\u0103 valul de major\u0103ri la gaz \u0219i electricitate, iar \u00een acela\u0219i timp au crescut \u0219i pre\u021burile la c\u0103ldur\u0103, precum \u0219i la o serie de produse alimentare.<\/p>\n<\/div>\n","protected":false},"excerpt":{"rendered":"<div><img loading=\"lazy\" decoding=\"async\" width=\"696\" height=\"522\" src=\"https:\/\/canal5.md\/wp-content\/uploads\/2024\/11\/Tarifele-la-apa-1024x768-optimized.jpg\" class=\"attachment-large size-large wp-post-image\" alt=\"\" srcset=\"https:\/\/canal5.md\/wp-content\/uploads\/2024\/11\/Tarifele-la-apa-1024x768-optimized.jpg 1024w, https:\/\/canal5.md\/wp-content\/uploads\/2024\/11\/Tarifele-la-apa-300x225-optimized.jpg 300w, https:\/\/canal5.md\/wp-content\/uploads\/2024\/11\/Tarifele-la-apa-768x576-optimized.jpg 768w, https:\/\/canal5.md\/wp-content\/uploads\/2024\/11\/Tarifele-la-apa-696x522-optimized.jpg 696w, https:\/\/canal5.md\/wp-content\/uploads\/2024\/11\/Tarifele-la-apa-1068x801-optimized.jpg 1068w, https:\/\/canal5.md\/wp-content\/uploads\/2024\/11\/Tarifele-la-apa-optimized.jpg 1280w\">\u00cenc\u0103 o scumpire. Locuitorii Capitalei vor trebui s\u0103 pl\u0103teasc\u0103 mai mult pentru serviciile de ap\u0103 \u0219i canalizare, dup\u0103 ce Agen\u021bia Na\u021bional\u0103 pentru Reglementare \u00een Energetic\u0103 a aprobat majorarea tarifelor.\u00a0 Pre\u021bul pentru apa potabil\u0103 a crescut cu peste 24 la sut\u0103, de la 10,79 lei\/m\u00b3 la 12,99 lei\/m\u00b3. Mai scumpe au devenit \u0219i serviciile de canalizare [\u2026]<\/div>\n","protected":false},"author":1,"featured_media":69292,"comment_status":"closed","ping_status":"closed","sticky":false,"template":"","format":"standard","meta":{"jnews-multi-image_gallery":[],"jnews_single_post":[],"jnews_primary_category":[],"jnews_social_meta":[],"jnews_override_counter":[],"footnotes":""},"categories":[23],"tags":[],"class_list":["post-69291","post","type-post","status-publish","format-standard","has-post-thumbnail","hentry","category-politica_ro"],"_links":{"self":[{"href":"https:\/\/orheifm.live\/index.php\/wp-json\/wp\/v2\/posts\/69291","targetHints":{"allow":["GET"]}}],"collection":[{"href":"https:\/\/orheifm.live\/index.php\/wp-json\/wp\/v2\/posts"}],"about":[{"href":"https:\/\/orheifm.live\/index.php\/wp-json\/wp\/v2\/types\/post"}],"author":[{"embeddable":true,"href":"https:\/\/orheifm.live\/index.php\/wp-json\/wp\/v2\/users\/1"}],"replies":[{"embeddable":true,"href":"https:\/\/orheifm.live\/index.php\/wp-json\/wp\/v2\/comments?post=69291"}],"version-history":[{"count":0,"href":"https:\/\/orheifm.live\/index.php\/wp-json\/wp\/v2\/posts\/69291\/revisions"}],"wp:featuredmedia":[{"embeddable":true,"href":"https:\/\/orheifm.live\/index.php\/wp-json\/wp\/v2\/media\/69292"}],"wp:attachment":[{"href":"https:\/\/orheifm.live\/index.php\/wp-json\/wp\/v2\/media?parent=69291"}],"wp:term":[{"taxonomy":"category","embeddable":true,"href":"https:\/\/orheifm.live\/index.php\/wp-json\/wp\/v2\/categories?post=69291"},{"taxonomy":"post_tag","embeddable":true,"href":"https:\/\/orheifm.live\/index.php\/wp-json\/wp\/v2\/tags?post=69291"}],"curies":[{"name":"wp","href":"https:\/\/api.w.org\/{rel}","templated":true}]}}