{"id":69289,"date":"2025-03-18T13:29:44","date_gmt":"2025-03-18T11:29:44","guid":{"rendered":"https:\/\/orheifm.live\/index.php\/2025\/03\/18\/legea-cetateniei-romane-a-intrat-in-vigoare-ce-noutati-aduce\/"},"modified":"2025-03-18T13:29:44","modified_gmt":"2025-03-18T11:29:44","slug":"legea-cetateniei-romane-a-intrat-in-vigoare-ce-noutati-aduce","status":"publish","type":"post","link":"https:\/\/orheifm.live\/index.php\/2025\/03\/18\/legea-cetateniei-romane-a-intrat-in-vigoare-ce-noutati-aduce\/","title":{"rendered":"Legea Cet\u0103\u021beniei Rom\u00e2ne a Intrat \u00een Vigoare: Ce Nout\u0103\u021bi Aduce"},"content":{"rendered":"<div>\n<p><strong>Din 15 martie, a intrat \u00een vigoare noua Lege a cet\u0103\u021beniei rom\u00e2ne, care poate fi dob\u00e2ndit\u0103 la na\u0219tere, prin adop\u021bie sau la cerere, \u00een condi\u021biile stabilite de Parlament. Legea a fost promulgat\u0103 de pre\u0219edintele Rom\u00e2niei, potrivit presei rom\u00e2ne.<\/strong><\/p>\n<p>Noua reglementare prevede, printre altele, c\u0103 termenul de \u0219edere de opt ani \u00een Rom\u00e2nia necesar pentru ob\u021binerea cet\u0103\u021beniei poate fi redus cu p\u00e2n\u0103 la trei ani, dac\u0103 solicitantul dovede\u0219te o implicare activ\u0103 \u00een via\u021ba economic\u0103, educa\u021bional\u0103 sau cultural\u0103 a \u021b\u0103rii.<\/p>\n<p>De asemenea, solicitantul trebuie s\u0103 fie cet\u0103\u021bean al unui stat membru UE \u0219i n\u0103scut \u00een Rom\u00e2nia din p\u0103rin\u021bi care au avut dreptul legal de \u0219edere. Reducerea termenului se aplic\u0103 \u0219i persoanelor care au ob\u021binut statutul de refugiat \u0219i demonstreaz\u0103 integrarea lor \u00een societatea rom\u00e2neasc\u0103 prin realiz\u0103ri remarcabile \u00een educa\u021bie, carier\u0103 sau prin implicare civic\u0103.<\/p>\n<p>Printre condi\u021biile obligatorii pentru ob\u021binerea cet\u0103\u021beniei se num\u0103r\u0103 cunoa\u0219terea limbii rom\u00e2ne, venituri stabile \u0219i legale \u00een Rom\u00e2nia \u0219i respectarea legilor \u0219i valorilor na\u021bionale.<\/p>\n<p>Noua lege introduce \u0219i cardul digital de cet\u0103\u021benie \u0219i extinde posibilitatea redob\u00e2ndirii cet\u0103\u021beniei rom\u00e2ne p\u00e2n\u0103 la rudele de gradul III.<\/p>\n<\/div>\n","protected":false},"excerpt":{"rendered":"<div><img loading=\"lazy\" decoding=\"async\" width=\"696\" height=\"392\" src=\"https:\/\/canal5.md\/wp-content\/uploads\/2025\/03\/adac6aeaf5ecfc29a09ac1459c5951b3ec953b84259c9f43458fb2702d2cc997-1-optimized.jpg\" class=\"attachment-large size-large wp-post-image\" alt=\"\" srcset=\"https:\/\/canal5.md\/wp-content\/uploads\/2025\/03\/adac6aeaf5ecfc29a09ac1459c5951b3ec953b84259c9f43458fb2702d2cc997-1-optimized.jpg 800w, https:\/\/canal5.md\/wp-content\/uploads\/2025\/03\/adac6aeaf5ecfc29a09ac1459c5951b3ec953b84259c9f43458fb2702d2cc997-1-300x169-optimized.jpg 300w, https:\/\/canal5.md\/wp-content\/uploads\/2025\/03\/adac6aeaf5ecfc29a09ac1459c5951b3ec953b84259c9f43458fb2702d2cc997-1-768x432-optimized.jpg 768w, https:\/\/canal5.md\/wp-content\/uploads\/2025\/03\/adac6aeaf5ecfc29a09ac1459c5951b3ec953b84259c9f43458fb2702d2cc997-1-696x392-optimized.jpg 696w\">Din 15 martie, a intrat \u00een vigoare noua Lege a cet\u0103\u021beniei rom\u00e2ne, care poate fi dob\u00e2ndit\u0103 la na\u0219tere, prin adop\u021bie sau la cerere, \u00een condi\u021biile stabilite de Parlament. Legea a fost promulgat\u0103 de pre\u0219edintele Rom\u00e2niei, potrivit presei rom\u00e2ne. Noua reglementare prevede, printre altele, c\u0103 termenul de \u0219edere de opt ani \u00een Rom\u00e2nia necesar pentru ob\u021binerea [\u2026]<\/div>\n","protected":false},"author":1,"featured_media":69290,"comment_status":"closed","ping_status":"closed","sticky":false,"template":"","format":"standard","meta":{"jnews-multi-image_gallery":[],"jnews_single_post":[],"jnews_primary_category":[],"jnews_social_meta":[],"jnews_override_counter":[],"footnotes":""},"categories":[30],"tags":[],"class_list":["post-69289","post","type-post","status-publish","format-standard","has-post-thumbnail","hentry","category-social_ro"],"_links":{"self":[{"href":"https:\/\/orheifm.live\/index.php\/wp-json\/wp\/v2\/posts\/69289","targetHints":{"allow":["GET"]}}],"collection":[{"href":"https:\/\/orheifm.live\/index.php\/wp-json\/wp\/v2\/posts"}],"about":[{"href":"https:\/\/orheifm.live\/index.php\/wp-json\/wp\/v2\/types\/post"}],"author":[{"embeddable":true,"href":"https:\/\/orheifm.live\/index.php\/wp-json\/wp\/v2\/users\/1"}],"replies":[{"embeddable":true,"href":"https:\/\/orheifm.live\/index.php\/wp-json\/wp\/v2\/comments?post=69289"}],"version-history":[{"count":0,"href":"https:\/\/orheifm.live\/index.php\/wp-json\/wp\/v2\/posts\/69289\/revisions"}],"wp:featuredmedia":[{"embeddable":true,"href":"https:\/\/orheifm.live\/index.php\/wp-json\/wp\/v2\/media\/69290"}],"wp:attachment":[{"href":"https:\/\/orheifm.live\/index.php\/wp-json\/wp\/v2\/media?parent=69289"}],"wp:term":[{"taxonomy":"category","embeddable":true,"href":"https:\/\/orheifm.live\/index.php\/wp-json\/wp\/v2\/categories?post=69289"},{"taxonomy":"post_tag","embeddable":true,"href":"https:\/\/orheifm.live\/index.php\/wp-json\/wp\/v2\/tags?post=69289"}],"curies":[{"name":"wp","href":"https:\/\/api.w.org\/{rel}","templated":true}]}}