{"id":69287,"date":"2025-03-18T13:00:51","date_gmt":"2025-03-18T11:00:51","guid":{"rendered":"https:\/\/orheifm.live\/index.php\/2025\/03\/18\/barbat-arestat-pe-aeroportul-din-dublin-dupa-ce-a-distrus-mobilierul-pierzand-un-zbor\/"},"modified":"2025-03-18T13:00:51","modified_gmt":"2025-03-18T11:00:51","slug":"barbat-arestat-pe-aeroportul-din-dublin-dupa-ce-a-distrus-mobilierul-pierzand-un-zbor","status":"publish","type":"post","link":"https:\/\/orheifm.live\/index.php\/2025\/03\/18\/barbat-arestat-pe-aeroportul-din-dublin-dupa-ce-a-distrus-mobilierul-pierzand-un-zbor\/","title":{"rendered":"B\u0103rbat arestat pe aeroportul din Dublin dup\u0103 ce a distrus mobilierul, pierz\u00e2nd un zbor"},"content":{"rendered":"<div>\n<p><strong>Un incident \u0219ocant a avut loc pe aeroportul din Dublin, unde un b\u0103rbat a f\u0103cut o criz\u0103 de nervi dup\u0103 ce a pierdut un zbor, provoc\u00e2nd daune semnificative. <\/strong><\/p>\n<p>Imagini surprinse de camerele de supraveghere \u0219i telefoanele martorilor l-au ar\u0103tat pe b\u0103rbatul, pe jum\u0103tate dezbr\u0103cat, plimb\u00e2ndu-se prin Terminalul 1 \u0219i arunc\u00e2nd obiecte printre pasagerii speria\u021bi.<\/p>\n<p>Aeroportul a confirmat ulterior c\u0103 b\u0103rbatul a fost arestat pentru distrugerea bunurilor. Incidentul a avut loc \u00eentr-o perioad\u0103 aglomerat\u0103, c\u00e2nd mul\u021bi irlandezi c\u0103l\u0103toreau pentru a s\u0103rb\u0103tori \u201eZiua Sf\u00e2ntului Patrick\u201d. Autorit\u0103\u021bile aeroportuare au declarat c\u0103 b\u0103rbatul va fi adus \u00een fa\u021ba instan\u021bei, iar poli\u021bia nu a oferit detalii suplimentare despre identitatea sa. Se \u0219tie doar c\u0103 acesta are 20 de ani.<\/p>\n<\/div>\n","protected":false},"excerpt":{"rendered":"<div><img loading=\"lazy\" decoding=\"async\" width=\"696\" height=\"392\" src=\"https:\/\/canal5.md\/wp-content\/uploads\/2025\/03\/b47b5ec6ae9f6b335c2e30cb3be14b9b34f87de1e2049ed71a8fbcef1476c0e9-1024x576-optimized.png\" class=\"attachment-large size-large wp-post-image\" alt=\"\" srcset=\"https:\/\/canal5.md\/wp-content\/uploads\/2025\/03\/b47b5ec6ae9f6b335c2e30cb3be14b9b34f87de1e2049ed71a8fbcef1476c0e9-1024x576-optimized.png 1024w, https:\/\/canal5.md\/wp-content\/uploads\/2025\/03\/b47b5ec6ae9f6b335c2e30cb3be14b9b34f87de1e2049ed71a8fbcef1476c0e9-300x169-optimized.png 300w, https:\/\/canal5.md\/wp-content\/uploads\/2025\/03\/b47b5ec6ae9f6b335c2e30cb3be14b9b34f87de1e2049ed71a8fbcef1476c0e9-768x432-optimized.png 768w, https:\/\/canal5.md\/wp-content\/uploads\/2025\/03\/b47b5ec6ae9f6b335c2e30cb3be14b9b34f87de1e2049ed71a8fbcef1476c0e9-696x392-optimized.png 696w, https:\/\/canal5.md\/wp-content\/uploads\/2025\/03\/b47b5ec6ae9f6b335c2e30cb3be14b9b34f87de1e2049ed71a8fbcef1476c0e9-1068x601-optimized.png 1068w, https:\/\/canal5.md\/wp-content\/uploads\/2025\/03\/b47b5ec6ae9f6b335c2e30cb3be14b9b34f87de1e2049ed71a8fbcef1476c0e9-optimized.png 1200w\">Un incident \u0219ocant a avut loc pe aeroportul din Dublin, unde un b\u0103rbat a f\u0103cut o criz\u0103 de nervi dup\u0103 ce a pierdut un zbor, provoc\u00e2nd daune semnificative. Imagini surprinse de camerele de supraveghere \u0219i telefoanele martorilor l-au ar\u0103tat pe b\u0103rbatul, pe jum\u0103tate dezbr\u0103cat, plimb\u00e2ndu-se prin Terminalul 1 \u0219i arunc\u00e2nd obiecte printre pasagerii speria\u021bi. Aeroportul [\u2026]<\/div>\n","protected":false},"author":1,"featured_media":69288,"comment_status":"closed","ping_status":"closed","sticky":false,"template":"","format":"standard","meta":{"jnews-multi-image_gallery":[],"jnews_single_post":[],"jnews_primary_category":[],"jnews_social_meta":[],"jnews_override_counter":[],"footnotes":""},"categories":[29],"tags":[],"class_list":["post-69287","post","type-post","status-publish","format-standard","has-post-thumbnail","hentry","category-externe_ro"],"_links":{"self":[{"href":"https:\/\/orheifm.live\/index.php\/wp-json\/wp\/v2\/posts\/69287","targetHints":{"allow":["GET"]}}],"collection":[{"href":"https:\/\/orheifm.live\/index.php\/wp-json\/wp\/v2\/posts"}],"about":[{"href":"https:\/\/orheifm.live\/index.php\/wp-json\/wp\/v2\/types\/post"}],"author":[{"embeddable":true,"href":"https:\/\/orheifm.live\/index.php\/wp-json\/wp\/v2\/users\/1"}],"replies":[{"embeddable":true,"href":"https:\/\/orheifm.live\/index.php\/wp-json\/wp\/v2\/comments?post=69287"}],"version-history":[{"count":0,"href":"https:\/\/orheifm.live\/index.php\/wp-json\/wp\/v2\/posts\/69287\/revisions"}],"wp:featuredmedia":[{"embeddable":true,"href":"https:\/\/orheifm.live\/index.php\/wp-json\/wp\/v2\/media\/69288"}],"wp:attachment":[{"href":"https:\/\/orheifm.live\/index.php\/wp-json\/wp\/v2\/media?parent=69287"}],"wp:term":[{"taxonomy":"category","embeddable":true,"href":"https:\/\/orheifm.live\/index.php\/wp-json\/wp\/v2\/categories?post=69287"},{"taxonomy":"post_tag","embeddable":true,"href":"https:\/\/orheifm.live\/index.php\/wp-json\/wp\/v2\/tags?post=69287"}],"curies":[{"name":"wp","href":"https:\/\/api.w.org\/{rel}","templated":true}]}}