{"id":69283,"date":"2025-03-18T12:20:27","date_gmt":"2025-03-18T10:20:27","guid":{"rendered":"https:\/\/orheifm.live\/index.php\/2025\/03\/18\/adolescenta-de-16-ani-cazuta-de-la-etaj-in-institutului-mamei-si-copilului\/"},"modified":"2025-03-18T12:20:27","modified_gmt":"2025-03-18T10:20:27","slug":"adolescenta-de-16-ani-cazuta-de-la-etaj-in-institutului-mamei-si-copilului","status":"publish","type":"post","link":"https:\/\/orheifm.live\/index.php\/2025\/03\/18\/adolescenta-de-16-ani-cazuta-de-la-etaj-in-institutului-mamei-si-copilului\/","title":{"rendered":"Adolescent\u0103 de 16 ani c\u0103zut\u0103 de la etaj, \u00een Institutului Mamei \u0219i Copilului"},"content":{"rendered":"<div>\n<p><strong>Poli\u021bia nu a fost anun\u021bat\u0103 despre incidentul de la Institutul Mamei \u0219i Copilului (IMC), unde o adolescent\u0103 de 16 ani ar fi c\u0103zut de la etaj. Ini\u021bial, reprezentan\u021bii spitalului au afirmat c\u0103 au sesizat Poli\u021bia \u00een aceea\u0219i zi, dar ast\u0103zi, 18 martie, purt\u0103torul de cuv\u00e2nt al IMC a revenit asupra declara\u021biei sale.<\/strong><\/p>\n<p>\u201eCel mai probabil, este a\u0219a cum spun cei de la Poli\u021bie\u201d, a declarat Maxim Cazacu, potrivit Realitatea.MD.<\/p>\n<p>Ofi\u021berul de pres\u0103 al Poli\u021biei Capitalei a men\u021bionat c\u0103 autorit\u0103\u021bile nu au fost informate despre incident \u0219i nici nu au fost chemate la fa\u021ba locului.<\/p>\n<p>\u201eDup\u0103 ce informa\u021bia despre c\u0103derea unei minore a ap\u0103rut online, IP Botanica s-a autosesizat. Acum, poli\u021bia efectueaz\u0103 investiga\u021bii pentru a stabili circumstan\u021bele\u201d, a ad\u0103ugat Natalia Stati.<\/p>\n<p>Adolescenta se afl\u0103 \u00een stare grav\u0103, dar stabil\u0103, fiind con\u0219tient\u0103.<\/p>\n<p>Incidentul a avut loc pe 17 martie, c\u00e2nd fata a fost g\u0103sit\u0103 \u00een afara IMC, cu multiple leziuni \u0219i traume ce sugereaz\u0103 o posibil\u0103 c\u0103dere de la \u00een\u0103l\u021bime. Declara\u021bia a fost f\u0103cut\u0103 de purt\u0103torul de cuv\u00e2nt al institu\u021biei, Maxim Cazacu, dup\u0103 ce bloggerul Eugeniu Luchianiuc a adus acest caz \u00een aten\u021bia publicului.<\/p>\n<\/div>\n","protected":false},"excerpt":{"rendered":"<div><img loading=\"lazy\" decoding=\"async\" width=\"696\" height=\"392\" src=\"https:\/\/canal5.md\/wp-content\/uploads\/2025\/03\/06ec281b6ba7a62517cc153e44da1258b1674d7aef346d174d61239555675aa9-1024x576-optimized.jpg\" class=\"attachment-large size-large wp-post-image\" alt=\"\" srcset=\"https:\/\/canal5.md\/wp-content\/uploads\/2025\/03\/06ec281b6ba7a62517cc153e44da1258b1674d7aef346d174d61239555675aa9-1024x576-optimized.jpg 1024w, https:\/\/canal5.md\/wp-content\/uploads\/2025\/03\/06ec281b6ba7a62517cc153e44da1258b1674d7aef346d174d61239555675aa9-300x169-optimized.jpg 300w, https:\/\/canal5.md\/wp-content\/uploads\/2025\/03\/06ec281b6ba7a62517cc153e44da1258b1674d7aef346d174d61239555675aa9-768x432-optimized.jpg 768w, https:\/\/canal5.md\/wp-content\/uploads\/2025\/03\/06ec281b6ba7a62517cc153e44da1258b1674d7aef346d174d61239555675aa9-696x392-optimized.jpg 696w, https:\/\/canal5.md\/wp-content\/uploads\/2025\/03\/06ec281b6ba7a62517cc153e44da1258b1674d7aef346d174d61239555675aa9-1068x601-optimized.jpg 1068w, https:\/\/canal5.md\/wp-content\/uploads\/2025\/03\/06ec281b6ba7a62517cc153e44da1258b1674d7aef346d174d61239555675aa9-optimized.jpg 1200w\">Poli\u021bia nu a fost anun\u021bat\u0103 despre incidentul de la Institutul Mamei \u0219i Copilului (IMC), unde o adolescent\u0103 de 16 ani ar fi c\u0103zut de la etaj. Ini\u021bial, reprezentan\u021bii spitalului au afirmat c\u0103 au sesizat Poli\u021bia \u00een aceea\u0219i zi, dar ast\u0103zi, 18 martie, purt\u0103torul de cuv\u00e2nt al IMC a revenit asupra declara\u021biei sale. \u201eCel mai probabil, [\u2026]<\/div>\n","protected":false},"author":1,"featured_media":69284,"comment_status":"closed","ping_status":"closed","sticky":false,"template":"","format":"standard","meta":{"jnews-multi-image_gallery":[],"jnews_single_post":[],"jnews_primary_category":[],"jnews_social_meta":[],"jnews_override_counter":[],"footnotes":""},"categories":[30],"tags":[],"class_list":["post-69283","post","type-post","status-publish","format-standard","has-post-thumbnail","hentry","category-social_ro"],"_links":{"self":[{"href":"https:\/\/orheifm.live\/index.php\/wp-json\/wp\/v2\/posts\/69283","targetHints":{"allow":["GET"]}}],"collection":[{"href":"https:\/\/orheifm.live\/index.php\/wp-json\/wp\/v2\/posts"}],"about":[{"href":"https:\/\/orheifm.live\/index.php\/wp-json\/wp\/v2\/types\/post"}],"author":[{"embeddable":true,"href":"https:\/\/orheifm.live\/index.php\/wp-json\/wp\/v2\/users\/1"}],"replies":[{"embeddable":true,"href":"https:\/\/orheifm.live\/index.php\/wp-json\/wp\/v2\/comments?post=69283"}],"version-history":[{"count":0,"href":"https:\/\/orheifm.live\/index.php\/wp-json\/wp\/v2\/posts\/69283\/revisions"}],"wp:featuredmedia":[{"embeddable":true,"href":"https:\/\/orheifm.live\/index.php\/wp-json\/wp\/v2\/media\/69284"}],"wp:attachment":[{"href":"https:\/\/orheifm.live\/index.php\/wp-json\/wp\/v2\/media?parent=69283"}],"wp:term":[{"taxonomy":"category","embeddable":true,"href":"https:\/\/orheifm.live\/index.php\/wp-json\/wp\/v2\/categories?post=69283"},{"taxonomy":"post_tag","embeddable":true,"href":"https:\/\/orheifm.live\/index.php\/wp-json\/wp\/v2\/tags?post=69283"}],"curies":[{"name":"wp","href":"https:\/\/api.w.org\/{rel}","templated":true}]}}