{"id":69281,"date":"2025-03-18T12:00:38","date_gmt":"2025-03-18T10:00:38","guid":{"rendered":"https:\/\/orheifm.live\/index.php\/2025\/03\/18\/masina-furata-din-italia-descoperita-la-frontiera-moldo-romana\/"},"modified":"2025-03-18T12:00:38","modified_gmt":"2025-03-18T10:00:38","slug":"masina-furata-din-italia-descoperita-la-frontiera-moldo-romana","status":"publish","type":"post","link":"https:\/\/orheifm.live\/index.php\/2025\/03\/18\/masina-furata-din-italia-descoperita-la-frontiera-moldo-romana\/","title":{"rendered":"Ma\u0219in\u0103 furat\u0103 din Italia, descoperit\u0103 la frontiera moldo-rom\u00e2n\u0103"},"content":{"rendered":"<div>\n<p><strong>Poli\u021bi\u0219tii de frontier\u0103 din Punctul de Trecere a Frontierei Albi\u021ba au descoperit un autoturism furat \u00een timpul controlului de frontier\u0103. <\/strong><\/p>\n<p>Pe 15 martie, un b\u0103rbat cu dubl\u0103 cet\u0103\u021benie rom\u00e2n\u0103 \u0219i moldoveneasc\u0103, \u00een v\u00e2rst\u0103 de 39 de ani, a \u00eencercat s\u0103 introduc\u0103 \u00een \u021bar\u0103 un automobil fabricat \u00een 2020, transportat pe o platform\u0103. Verific\u0103rile suplimentare au ar\u0103tat c\u0103 autovehiculul era semnalat ca furat \u00een Italia.<\/p>\n<p>B\u0103rbatul a declarat c\u0103 a fost \u00eemputernicit de o firm\u0103 din Moldova s\u0103 transporte ma\u0219ina, f\u0103r\u0103 s\u0103 \u0219tie c\u0103 aceasta fusese furat\u0103. Poli\u021bi\u0219tii de frontier\u0103 au re\u021binut autoturismul, evaluat la 75.000 de lei, \u0219i au deschis o anchet\u0103 pentru t\u0103inuire.<\/p>\n<\/div>\n","protected":false},"excerpt":{"rendered":"<div><img loading=\"lazy\" decoding=\"async\" width=\"696\" height=\"417\" src=\"https:\/\/canal5.md\/wp-content\/uploads\/2025\/03\/f768df12e9e5ca8f4de91fca7b4a4b62379dbd82653aa877ba1cf83e2abcdb59-1024x614-optimized.jpg\" class=\"attachment-large size-large wp-post-image\" alt=\"\" srcset=\"https:\/\/canal5.md\/wp-content\/uploads\/2025\/03\/f768df12e9e5ca8f4de91fca7b4a4b62379dbd82653aa877ba1cf83e2abcdb59-1024x614-optimized.jpg 1024w, https:\/\/canal5.md\/wp-content\/uploads\/2025\/03\/f768df12e9e5ca8f4de91fca7b4a4b62379dbd82653aa877ba1cf83e2abcdb59-300x180-optimized.jpg 300w, https:\/\/canal5.md\/wp-content\/uploads\/2025\/03\/f768df12e9e5ca8f4de91fca7b4a4b62379dbd82653aa877ba1cf83e2abcdb59-768x461-optimized.jpg 768w, https:\/\/canal5.md\/wp-content\/uploads\/2025\/03\/f768df12e9e5ca8f4de91fca7b4a4b62379dbd82653aa877ba1cf83e2abcdb59-696x418-optimized.jpg 696w, https:\/\/canal5.md\/wp-content\/uploads\/2025\/03\/f768df12e9e5ca8f4de91fca7b4a4b62379dbd82653aa877ba1cf83e2abcdb59-1068x641-optimized.jpg 1068w, https:\/\/canal5.md\/wp-content\/uploads\/2025\/03\/f768df12e9e5ca8f4de91fca7b4a4b62379dbd82653aa877ba1cf83e2abcdb59-optimized.jpg 1200w\">Poli\u021bi\u0219tii de frontier\u0103 din Punctul de Trecere a Frontierei Albi\u021ba au descoperit un autoturism furat \u00een timpul controlului de frontier\u0103. Pe 15 martie, un b\u0103rbat cu dubl\u0103 cet\u0103\u021benie rom\u00e2n\u0103 \u0219i moldoveneasc\u0103, \u00een v\u00e2rst\u0103 de 39 de ani, a \u00eencercat s\u0103 introduc\u0103 \u00een \u021bar\u0103 un automobil fabricat \u00een 2020, transportat pe o platform\u0103. Verific\u0103rile suplimentare au [\u2026]<\/div>\n","protected":false},"author":1,"featured_media":69282,"comment_status":"closed","ping_status":"closed","sticky":false,"template":"","format":"standard","meta":{"jnews-multi-image_gallery":[],"jnews_single_post":[],"jnews_primary_category":[],"jnews_social_meta":[],"jnews_override_counter":[],"footnotes":""},"categories":[30],"tags":[],"class_list":["post-69281","post","type-post","status-publish","format-standard","has-post-thumbnail","hentry","category-social_ro"],"_links":{"self":[{"href":"https:\/\/orheifm.live\/index.php\/wp-json\/wp\/v2\/posts\/69281","targetHints":{"allow":["GET"]}}],"collection":[{"href":"https:\/\/orheifm.live\/index.php\/wp-json\/wp\/v2\/posts"}],"about":[{"href":"https:\/\/orheifm.live\/index.php\/wp-json\/wp\/v2\/types\/post"}],"author":[{"embeddable":true,"href":"https:\/\/orheifm.live\/index.php\/wp-json\/wp\/v2\/users\/1"}],"replies":[{"embeddable":true,"href":"https:\/\/orheifm.live\/index.php\/wp-json\/wp\/v2\/comments?post=69281"}],"version-history":[{"count":0,"href":"https:\/\/orheifm.live\/index.php\/wp-json\/wp\/v2\/posts\/69281\/revisions"}],"wp:featuredmedia":[{"embeddable":true,"href":"https:\/\/orheifm.live\/index.php\/wp-json\/wp\/v2\/media\/69282"}],"wp:attachment":[{"href":"https:\/\/orheifm.live\/index.php\/wp-json\/wp\/v2\/media?parent=69281"}],"wp:term":[{"taxonomy":"category","embeddable":true,"href":"https:\/\/orheifm.live\/index.php\/wp-json\/wp\/v2\/categories?post=69281"},{"taxonomy":"post_tag","embeddable":true,"href":"https:\/\/orheifm.live\/index.php\/wp-json\/wp\/v2\/tags?post=69281"}],"curies":[{"name":"wp","href":"https:\/\/api.w.org\/{rel}","templated":true}]}}