{"id":69279,"date":"2025-03-18T11:20:43","date_gmt":"2025-03-18T09:20:43","guid":{"rendered":"https:\/\/orheifm.live\/index.php\/2025\/03\/18\/tanar-gasit-spanzurat-in-apartamentul-sau-din-botanica\/"},"modified":"2025-03-18T11:20:43","modified_gmt":"2025-03-18T09:20:43","slug":"tanar-gasit-spanzurat-in-apartamentul-sau-din-botanica","status":"publish","type":"post","link":"https:\/\/orheifm.live\/index.php\/2025\/03\/18\/tanar-gasit-spanzurat-in-apartamentul-sau-din-botanica\/","title":{"rendered":"T\u00e2n\u0103r g\u0103sit sp\u00e2nzurat \u00een apartamentul s\u0103u din Botanica"},"content":{"rendered":"<div>\n<p><strong>Un t\u00e2n\u0103r de 31 de ani a fost g\u0103sit sp\u00e2nzurat \u00een apartamentul s\u0103u din sectorul Botanica al capitalei, \u00een noaptea de 15 spre 16 martie. <\/strong><\/p>\n<p>Salvatorii au intervenit pentru a debloca u\u0219a apartamentului, dup\u0103 ce t\u00e2n\u0103rul nu a mai r\u0103spuns la telefon \u0219i nu mai d\u0103dea niciun semn de via\u021b\u0103. Cadavrul a fost descoperit sp\u00e2nzurat, iar medicul-legist nu a g\u0103sit semne de moarte violent\u0103, ceea ce sugereaz\u0103 c\u0103 ar fi fost vorba despre un suicid.<\/p>\n<p>Autorit\u0103\u021bile investigheaz\u0103 circumstan\u021bele tragediei.<\/p>\n<\/div>\n","protected":false},"excerpt":{"rendered":"<div><img loading=\"lazy\" decoding=\"async\" width=\"696\" height=\"392\" src=\"https:\/\/canal5.md\/wp-content\/uploads\/2025\/03\/2ef74dcbb7eea09bb13545bc1c00dd4e284d6fa46789181041536bfbb3e03cd1-1024x576-optimized.jpg\" class=\"attachment-large size-large wp-post-image\" alt=\"\" srcset=\"https:\/\/canal5.md\/wp-content\/uploads\/2025\/03\/2ef74dcbb7eea09bb13545bc1c00dd4e284d6fa46789181041536bfbb3e03cd1-1024x576-optimized.jpg 1024w, https:\/\/canal5.md\/wp-content\/uploads\/2025\/03\/2ef74dcbb7eea09bb13545bc1c00dd4e284d6fa46789181041536bfbb3e03cd1-300x169-optimized.jpg 300w, https:\/\/canal5.md\/wp-content\/uploads\/2025\/03\/2ef74dcbb7eea09bb13545bc1c00dd4e284d6fa46789181041536bfbb3e03cd1-768x432-optimized.jpg 768w, https:\/\/canal5.md\/wp-content\/uploads\/2025\/03\/2ef74dcbb7eea09bb13545bc1c00dd4e284d6fa46789181041536bfbb3e03cd1-696x392-optimized.jpg 696w, https:\/\/canal5.md\/wp-content\/uploads\/2025\/03\/2ef74dcbb7eea09bb13545bc1c00dd4e284d6fa46789181041536bfbb3e03cd1-1068x601-optimized.jpg 1068w, https:\/\/canal5.md\/wp-content\/uploads\/2025\/03\/2ef74dcbb7eea09bb13545bc1c00dd4e284d6fa46789181041536bfbb3e03cd1-optimized.jpg 1200w\">Un t\u00e2n\u0103r de 31 de ani a fost g\u0103sit sp\u00e2nzurat \u00een apartamentul s\u0103u din sectorul Botanica al capitalei, \u00een noaptea de 15 spre 16 martie. Salvatorii au intervenit pentru a debloca u\u0219a apartamentului, dup\u0103 ce t\u00e2n\u0103rul nu a mai r\u0103spuns la telefon \u0219i nu mai d\u0103dea niciun semn de via\u021b\u0103. Cadavrul a fost descoperit sp\u00e2nzurat, [\u2026]<\/div>\n","protected":false},"author":1,"featured_media":69280,"comment_status":"closed","ping_status":"closed","sticky":false,"template":"","format":"standard","meta":{"jnews-multi-image_gallery":[],"jnews_single_post":[],"jnews_primary_category":[],"jnews_social_meta":[],"jnews_override_counter":[],"footnotes":""},"categories":[30],"tags":[],"class_list":["post-69279","post","type-post","status-publish","format-standard","has-post-thumbnail","hentry","category-social_ro"],"_links":{"self":[{"href":"https:\/\/orheifm.live\/index.php\/wp-json\/wp\/v2\/posts\/69279","targetHints":{"allow":["GET"]}}],"collection":[{"href":"https:\/\/orheifm.live\/index.php\/wp-json\/wp\/v2\/posts"}],"about":[{"href":"https:\/\/orheifm.live\/index.php\/wp-json\/wp\/v2\/types\/post"}],"author":[{"embeddable":true,"href":"https:\/\/orheifm.live\/index.php\/wp-json\/wp\/v2\/users\/1"}],"replies":[{"embeddable":true,"href":"https:\/\/orheifm.live\/index.php\/wp-json\/wp\/v2\/comments?post=69279"}],"version-history":[{"count":0,"href":"https:\/\/orheifm.live\/index.php\/wp-json\/wp\/v2\/posts\/69279\/revisions"}],"wp:featuredmedia":[{"embeddable":true,"href":"https:\/\/orheifm.live\/index.php\/wp-json\/wp\/v2\/media\/69280"}],"wp:attachment":[{"href":"https:\/\/orheifm.live\/index.php\/wp-json\/wp\/v2\/media?parent=69279"}],"wp:term":[{"taxonomy":"category","embeddable":true,"href":"https:\/\/orheifm.live\/index.php\/wp-json\/wp\/v2\/categories?post=69279"},{"taxonomy":"post_tag","embeddable":true,"href":"https:\/\/orheifm.live\/index.php\/wp-json\/wp\/v2\/tags?post=69279"}],"curies":[{"name":"wp","href":"https:\/\/api.w.org\/{rel}","templated":true}]}}