{"id":69277,"date":"2025-03-18T11:00:11","date_gmt":"2025-03-18T09:00:11","guid":{"rendered":"https:\/\/orheifm.live\/index.php\/2025\/03\/18\/accidente-fatale-cu-motocultoare-in-riscani-un-mort-si-un-ranit\/"},"modified":"2025-03-18T11:00:11","modified_gmt":"2025-03-18T09:00:11","slug":"accidente-fatale-cu-motocultoare-in-riscani-un-mort-si-un-ranit","status":"publish","type":"post","link":"https:\/\/orheifm.live\/index.php\/2025\/03\/18\/accidente-fatale-cu-motocultoare-in-riscani-un-mort-si-un-ranit\/","title":{"rendered":"Accidente fatale cu motocultoare \u00een R\u00ee\u0219cani: un mort \u0219i un r\u0103nit"},"content":{"rendered":"<div>\n<p><strong>Un b\u0103rbat a murit, iar altul a ajuns la spital, dup\u0103 ce au fost implica\u021bi \u00een accidente cu motocultoare. Evenimentele au avut loc pe 15 martie, \u00een raionul R\u00ee\u0219cani, conform surselor PulsMedia.MD.<\/strong><\/p>\n<p>Primul incident s-a petrecut \u00een jurul orei 09:55, \u00een localitatea Z\u0103icani. Victima, un b\u0103rbat de 57 de ani, efectua lucr\u0103ri agricole c\u00e2nd a pierdut controlul motocultorului \u0219i a r\u0103mas blocat \u00een frez\u0103. Echipa de salvatori l-a desc\u0103rcerat, dar medicii nu au putut dec\u00e2t s\u0103 constate decesul.<\/p>\n<p>Al doilea incident a avut loc la ora 16:09, \u00een localitatea Mih\u0103ileni, tot \u00een raionul R\u00ee\u0219cani. Un b\u0103rbat de 50 de ani a r\u0103mas cu piciorul blocat \u00een motocultor \u00een timpul lucr\u0103rilor agricole. Acesta a fost desc\u0103rcerat \u0219i transportat la spital pentru \u00eengrijiri medicale.<\/p>\n<\/div>\n","protected":false},"excerpt":{"rendered":"<div><img loading=\"lazy\" decoding=\"async\" width=\"696\" height=\"392\" src=\"https:\/\/canal5.md\/wp-content\/uploads\/2025\/03\/e0d01672b203071ccc427e97bbfcf23b88a99f258da2a1f24f037a8cc6fc1a72-1024x576-optimized.jpg\" class=\"attachment-large size-large wp-post-image\" alt=\"\" srcset=\"https:\/\/canal5.md\/wp-content\/uploads\/2025\/03\/e0d01672b203071ccc427e97bbfcf23b88a99f258da2a1f24f037a8cc6fc1a72-1024x576-optimized.jpg 1024w, https:\/\/canal5.md\/wp-content\/uploads\/2025\/03\/e0d01672b203071ccc427e97bbfcf23b88a99f258da2a1f24f037a8cc6fc1a72-300x169-optimized.jpg 300w, https:\/\/canal5.md\/wp-content\/uploads\/2025\/03\/e0d01672b203071ccc427e97bbfcf23b88a99f258da2a1f24f037a8cc6fc1a72-768x432-optimized.jpg 768w, https:\/\/canal5.md\/wp-content\/uploads\/2025\/03\/e0d01672b203071ccc427e97bbfcf23b88a99f258da2a1f24f037a8cc6fc1a72-696x392-optimized.jpg 696w, https:\/\/canal5.md\/wp-content\/uploads\/2025\/03\/e0d01672b203071ccc427e97bbfcf23b88a99f258da2a1f24f037a8cc6fc1a72-1068x601-optimized.jpg 1068w, https:\/\/canal5.md\/wp-content\/uploads\/2025\/03\/e0d01672b203071ccc427e97bbfcf23b88a99f258da2a1f24f037a8cc6fc1a72-optimized.jpg 1200w\">Un b\u0103rbat a murit, iar altul a ajuns la spital, dup\u0103 ce au fost implica\u021bi \u00een accidente cu motocultoare. Evenimentele au avut loc pe 15 martie, \u00een raionul R\u00ee\u0219cani, conform surselor PulsMedia.MD. Primul incident s-a petrecut \u00een jurul orei 09:55, \u00een localitatea Z\u0103icani. Victima, un b\u0103rbat de 57 de ani, efectua lucr\u0103ri agricole c\u00e2nd a [\u2026]<\/div>\n","protected":false},"author":1,"featured_media":69278,"comment_status":"closed","ping_status":"closed","sticky":false,"template":"","format":"standard","meta":{"jnews-multi-image_gallery":[],"jnews_single_post":[],"jnews_primary_category":[],"jnews_social_meta":[],"jnews_override_counter":[],"footnotes":""},"categories":[30],"tags":[],"class_list":["post-69277","post","type-post","status-publish","format-standard","has-post-thumbnail","hentry","category-social_ro"],"_links":{"self":[{"href":"https:\/\/orheifm.live\/index.php\/wp-json\/wp\/v2\/posts\/69277","targetHints":{"allow":["GET"]}}],"collection":[{"href":"https:\/\/orheifm.live\/index.php\/wp-json\/wp\/v2\/posts"}],"about":[{"href":"https:\/\/orheifm.live\/index.php\/wp-json\/wp\/v2\/types\/post"}],"author":[{"embeddable":true,"href":"https:\/\/orheifm.live\/index.php\/wp-json\/wp\/v2\/users\/1"}],"replies":[{"embeddable":true,"href":"https:\/\/orheifm.live\/index.php\/wp-json\/wp\/v2\/comments?post=69277"}],"version-history":[{"count":0,"href":"https:\/\/orheifm.live\/index.php\/wp-json\/wp\/v2\/posts\/69277\/revisions"}],"wp:featuredmedia":[{"embeddable":true,"href":"https:\/\/orheifm.live\/index.php\/wp-json\/wp\/v2\/media\/69278"}],"wp:attachment":[{"href":"https:\/\/orheifm.live\/index.php\/wp-json\/wp\/v2\/media?parent=69277"}],"wp:term":[{"taxonomy":"category","embeddable":true,"href":"https:\/\/orheifm.live\/index.php\/wp-json\/wp\/v2\/categories?post=69277"},{"taxonomy":"post_tag","embeddable":true,"href":"https:\/\/orheifm.live\/index.php\/wp-json\/wp\/v2\/tags?post=69277"}],"curies":[{"name":"wp","href":"https:\/\/api.w.org\/{rel}","templated":true}]}}