{"id":69275,"date":"2025-03-18T10:35:26","date_gmt":"2025-03-18T08:35:26","guid":{"rendered":"https:\/\/orheifm.live\/index.php\/2025\/03\/18\/femeie-ranita-grav-de-fiul-sau-in-urma-unui-conflict\/"},"modified":"2025-03-18T10:35:26","modified_gmt":"2025-03-18T08:35:26","slug":"femeie-ranita-grav-de-fiul-sau-in-urma-unui-conflict","status":"publish","type":"post","link":"https:\/\/orheifm.live\/index.php\/2025\/03\/18\/femeie-ranita-grav-de-fiul-sau-in-urma-unui-conflict\/","title":{"rendered":"Femeie r\u0103nit\u0103 grav de fiul s\u0103u \u00een urma unui conflict"},"content":{"rendered":"<div>\n<p><strong>O femeie a ajuns la spital dup\u0103 ce ar fi fost atacat\u0103 cu o sabie de propriul fiu. Incidentul a avut loc \u00een diminea\u021ba zilei de mar\u021bi, 18 martie 2025, \u00een jurul orei 05:30, \u00een localitatea Coste\u0219ti, raionul Ialoveni.<\/strong><\/p>\n<p>Potrivit surselor, femeia se afla acas\u0103 c\u00e2nd a izbucnit o ceart\u0103 \u00eentre ea \u0219i fiul s\u0103u, \u00een v\u00e2rst\u0103 de 29 de ani. \u00cen timpul alterca\u021biei, b\u0103rbatul ar fi scos o sabie \u0219i ar fi lovit-o pe mam\u0103 la m\u00e2ini, provoc\u00e2ndu-i amputarea degetului mic de la m\u00e2na dreapt\u0103.<\/p>\n<p>Femeia a fost transportat\u0103 la spital pentru \u00eengrijiri medicale, iar fiul a fost re\u021binut de poli\u021bie \u0219i escortat la IP Ialoveni, unde a fost re\u021binut pentru 72 de ore. Pe numele s\u0103u a fost deschis un dosar penal.<\/p>\n<\/div>\n","protected":false},"excerpt":{"rendered":"<div><img loading=\"lazy\" decoding=\"async\" width=\"696\" height=\"392\" src=\"https:\/\/canal5.md\/wp-content\/uploads\/2025\/03\/c41e066ce48e3587ce63a4f9a6b7905a9cb72f54431571b91f38aa4831edd6af-1024x576-optimized.jpg\" class=\"attachment-large size-large wp-post-image\" alt=\"\" srcset=\"https:\/\/canal5.md\/wp-content\/uploads\/2025\/03\/c41e066ce48e3587ce63a4f9a6b7905a9cb72f54431571b91f38aa4831edd6af-1024x576-optimized.jpg 1024w, https:\/\/canal5.md\/wp-content\/uploads\/2025\/03\/c41e066ce48e3587ce63a4f9a6b7905a9cb72f54431571b91f38aa4831edd6af-300x169-optimized.jpg 300w, https:\/\/canal5.md\/wp-content\/uploads\/2025\/03\/c41e066ce48e3587ce63a4f9a6b7905a9cb72f54431571b91f38aa4831edd6af-768x432-optimized.jpg 768w, https:\/\/canal5.md\/wp-content\/uploads\/2025\/03\/c41e066ce48e3587ce63a4f9a6b7905a9cb72f54431571b91f38aa4831edd6af-696x392-optimized.jpg 696w, https:\/\/canal5.md\/wp-content\/uploads\/2025\/03\/c41e066ce48e3587ce63a4f9a6b7905a9cb72f54431571b91f38aa4831edd6af-1068x601-optimized.jpg 1068w, https:\/\/canal5.md\/wp-content\/uploads\/2025\/03\/c41e066ce48e3587ce63a4f9a6b7905a9cb72f54431571b91f38aa4831edd6af-optimized.jpg 1200w\">O femeie a ajuns la spital dup\u0103 ce ar fi fost atacat\u0103 cu o sabie de propriul fiu. Incidentul a avut loc \u00een diminea\u021ba zilei de mar\u021bi, 18 martie 2025, \u00een jurul orei 05:30, \u00een localitatea Coste\u0219ti, raionul Ialoveni. Potrivit surselor, femeia se afla acas\u0103 c\u00e2nd a izbucnit o ceart\u0103 \u00eentre ea \u0219i fiul s\u0103u, [\u2026]<\/div>\n","protected":false},"author":1,"featured_media":69276,"comment_status":"closed","ping_status":"closed","sticky":false,"template":"","format":"standard","meta":{"jnews-multi-image_gallery":[],"jnews_single_post":[],"jnews_primary_category":[],"jnews_social_meta":[],"jnews_override_counter":[],"footnotes":""},"categories":[30],"tags":[],"class_list":["post-69275","post","type-post","status-publish","format-standard","has-post-thumbnail","hentry","category-social_ro"],"_links":{"self":[{"href":"https:\/\/orheifm.live\/index.php\/wp-json\/wp\/v2\/posts\/69275","targetHints":{"allow":["GET"]}}],"collection":[{"href":"https:\/\/orheifm.live\/index.php\/wp-json\/wp\/v2\/posts"}],"about":[{"href":"https:\/\/orheifm.live\/index.php\/wp-json\/wp\/v2\/types\/post"}],"author":[{"embeddable":true,"href":"https:\/\/orheifm.live\/index.php\/wp-json\/wp\/v2\/users\/1"}],"replies":[{"embeddable":true,"href":"https:\/\/orheifm.live\/index.php\/wp-json\/wp\/v2\/comments?post=69275"}],"version-history":[{"count":0,"href":"https:\/\/orheifm.live\/index.php\/wp-json\/wp\/v2\/posts\/69275\/revisions"}],"wp:featuredmedia":[{"embeddable":true,"href":"https:\/\/orheifm.live\/index.php\/wp-json\/wp\/v2\/media\/69276"}],"wp:attachment":[{"href":"https:\/\/orheifm.live\/index.php\/wp-json\/wp\/v2\/media?parent=69275"}],"wp:term":[{"taxonomy":"category","embeddable":true,"href":"https:\/\/orheifm.live\/index.php\/wp-json\/wp\/v2\/categories?post=69275"},{"taxonomy":"post_tag","embeddable":true,"href":"https:\/\/orheifm.live\/index.php\/wp-json\/wp\/v2\/tags?post=69275"}],"curies":[{"name":"wp","href":"https:\/\/api.w.org\/{rel}","templated":true}]}}