{"id":69271,"date":"2025-03-18T09:13:35","date_gmt":"2025-03-18T07:13:35","guid":{"rendered":"https:\/\/orheifm.live\/index.php\/2025\/03\/18\/cod-galben-de-vant-puternic-in-moldova-rafale-de-pana-la-20-m-s\/"},"modified":"2025-03-18T09:13:35","modified_gmt":"2025-03-18T07:13:35","slug":"cod-galben-de-vant-puternic-in-moldova-rafale-de-pana-la-20-m-s","status":"publish","type":"post","link":"https:\/\/orheifm.live\/index.php\/2025\/03\/18\/cod-galben-de-vant-puternic-in-moldova-rafale-de-pana-la-20-m-s\/","title":{"rendered":"Cod Galben de v\u00e2nt puternic \u00een Moldova: rafale de p\u00e2n\u0103 la 20 m\/s"},"content":{"rendered":"<div>\n<p><strong>Ast\u0103zi, \u00een Republica Moldova, vremea va fi uscat\u0103, cu cer variabil \u0219i f\u0103r\u0103 precipita\u021bii semnificative. Temperaturile vor varia \u00eentre -1.8\u00b0C \u0219i 4.3\u00b0C.<\/strong><\/p>\n<p>\u00cen Chi\u0219in\u0103u, diminea\u021ba va fi frig, cu -1.8\u00b0C, iar dup\u0103-amiaz\u0103 temperatura va urca p\u00e2n\u0103 la 4.3\u00b0C. Cerul va fi mai mult senin, cu perioade de \u00eennor\u0103ri, iar \u0219ansele de precipita\u021bii sunt minime.<\/p>\n<p>M\u00e2ine, vremea se va schimba u\u0219or, cu temperaturi cuprinse \u00eentre -0.4\u00b0C \u0219i 6.5\u00b0C. Sunt posibile episoade de ninsoare u\u0219oar\u0103, cu o probabilitate maxim\u0103 de 18%.<\/p>\n<p>Poim\u00e2ine, condi\u021biile meteorologice se vor \u00eembun\u0103t\u0103\u021bi, f\u0103r\u0103 precipita\u021bii prognozate. Temperaturile vor varia \u00eentre 0.8\u00b0C \u0219i 11.1\u00b0C, iar cerul va fi par\u021bial noros.<\/p>\n<p>Serviciul Meteorologic de Stat a emis o avertizare de Cod Galben pentru ast\u0103zi, 18 martie, \u00eentre orele 00:00 \u0219i 15:00. Sunt a\u0219teptate rafale de v\u00e2nt din nord-vest de 15-20 m\/s, iar \u00een alte regiuni, viteza v\u00e2ntului poate atinge 12-14 m\/s. Meteorologii recomand\u0103 evitarea activit\u0103\u021bilor \u00een aer liber \u0219i asigurarea obiectelor ce pot fi luate de v\u00e2nt.<\/p>\n<\/div>\n","protected":false},"excerpt":{"rendered":"<div><img loading=\"lazy\" decoding=\"async\" width=\"696\" height=\"458\" src=\"https:\/\/canal5.md\/wp-content\/uploads\/2025\/03\/803823-optimized.webp\" class=\"attachment-large size-large wp-post-image\" alt=\"\" srcset=\"https:\/\/canal5.md\/wp-content\/uploads\/2025\/03\/803823-optimized.webp 760w, https:\/\/canal5.md\/wp-content\/uploads\/2025\/03\/803823-300x197-optimized.webp 300w, https:\/\/canal5.md\/wp-content\/uploads\/2025\/03\/803823-696x458-optimized.webp 696w\">Ast\u0103zi, \u00een Republica Moldova, vremea va fi uscat\u0103, cu cer variabil \u0219i f\u0103r\u0103 precipita\u021bii semnificative. Temperaturile vor varia \u00eentre -1.8\u00b0C \u0219i 4.3\u00b0C. \u00cen Chi\u0219in\u0103u, diminea\u021ba va fi frig, cu -1.8\u00b0C, iar dup\u0103-amiaz\u0103 temperatura va urca p\u00e2n\u0103 la 4.3\u00b0C. Cerul va fi mai mult senin, cu perioade de \u00eennor\u0103ri, iar \u0219ansele de precipita\u021bii sunt minime. M\u00e2ine, [\u2026]<\/div>\n","protected":false},"author":1,"featured_media":69272,"comment_status":"closed","ping_status":"closed","sticky":false,"template":"","format":"standard","meta":{"jnews-multi-image_gallery":[],"jnews_single_post":[],"jnews_primary_category":[],"jnews_social_meta":[],"jnews_override_counter":[],"footnotes":""},"categories":[30],"tags":[],"class_list":["post-69271","post","type-post","status-publish","format-standard","has-post-thumbnail","hentry","category-social_ro"],"_links":{"self":[{"href":"https:\/\/orheifm.live\/index.php\/wp-json\/wp\/v2\/posts\/69271","targetHints":{"allow":["GET"]}}],"collection":[{"href":"https:\/\/orheifm.live\/index.php\/wp-json\/wp\/v2\/posts"}],"about":[{"href":"https:\/\/orheifm.live\/index.php\/wp-json\/wp\/v2\/types\/post"}],"author":[{"embeddable":true,"href":"https:\/\/orheifm.live\/index.php\/wp-json\/wp\/v2\/users\/1"}],"replies":[{"embeddable":true,"href":"https:\/\/orheifm.live\/index.php\/wp-json\/wp\/v2\/comments?post=69271"}],"version-history":[{"count":0,"href":"https:\/\/orheifm.live\/index.php\/wp-json\/wp\/v2\/posts\/69271\/revisions"}],"wp:featuredmedia":[{"embeddable":true,"href":"https:\/\/orheifm.live\/index.php\/wp-json\/wp\/v2\/media\/69272"}],"wp:attachment":[{"href":"https:\/\/orheifm.live\/index.php\/wp-json\/wp\/v2\/media?parent=69271"}],"wp:term":[{"taxonomy":"category","embeddable":true,"href":"https:\/\/orheifm.live\/index.php\/wp-json\/wp\/v2\/categories?post=69271"},{"taxonomy":"post_tag","embeddable":true,"href":"https:\/\/orheifm.live\/index.php\/wp-json\/wp\/v2\/tags?post=69271"}],"curies":[{"name":"wp","href":"https:\/\/api.w.org\/{rel}","templated":true}]}}