{"id":69269,"date":"2025-03-17T23:55:19","date_gmt":"2025-03-17T21:55:19","guid":{"rendered":"https:\/\/orheifm.live\/index.php\/2025\/03\/17\/spania-lovita-de-furtuna-laurence-inundatii-de-proportii-in-andaluzia-si-perturbari-ale-traficului-feroviar\/"},"modified":"2025-03-17T23:55:19","modified_gmt":"2025-03-17T21:55:19","slug":"spania-lovita-de-furtuna-laurence-inundatii-de-proportii-in-andaluzia-si-perturbari-ale-traficului-feroviar","status":"publish","type":"post","link":"https:\/\/orheifm.live\/index.php\/2025\/03\/17\/spania-lovita-de-furtuna-laurence-inundatii-de-proportii-in-andaluzia-si-perturbari-ale-traficului-feroviar\/","title":{"rendered":"Spania, lovit\u0103 de furtuna Laurence. Inunda\u021bii de propor\u021bii \u00een Andaluzia \u0219i perturb\u0103ri ale traficului feroviar"},"content":{"rendered":"<div>\n<p><strong>Furtuna Laurence a provocat luni precipita\u0163ii abundente \u00een Spania, \u00een special \u00een Andaluzia (sud), mai multe r\u00e2uri au ie\u015fit din matc\u0103, iar unele drumuri \u015fi linii feroviare au devenit impracticabile, au indicat autorit\u0103\u0163ile locale, preluat\u0103 de Agerpres.<\/strong><\/p>\n<p>Furtuna a cauzat \u201e168 de incidente, unele dintre ele semnificative, pe re\u0163eaua de transport\u201d, a declarat consilierul regional Antonio Sanz, \u00eentr-o \u00eenregistrare difuzat\u0103 pe re\u0163elele sociale. El a precizat c\u0103 35 de drumuri erau impracticabile \u00een Andaluzia \u015fi a f\u0103cut apel la popula\u0163ie s\u0103 evite deplas\u0103rile neesen\u0163iale.<\/p>\n<p>Potrivit Agen\u0163iei Meteorologice Spaniole (Aemet), furtuna Laurence va aduce luni \u015fi mar\u0163i \u201eprecipita\u0163ii \u00een \u00eentreaga \u0163ar\u0103, cu acumul\u0103ri importante de ap\u0103 \u00een centrul, sudul \u015fi estul peninsulei\u201d. Mar\u0163i, \u201evor fi, de asemenea, furtuni, v\u00e2nturi foarte puternice \u015fi o furtun\u0103 maritim\u0103, care va fi semnificativ\u0103 \u00een Insulele Canare\u201d, a precizat agen\u0163ia.<\/p>\n<p>Andaluzia a fost plasat\u0103 sub alert\u0103 portocalie \u00eencep\u00e2nd cu ora 18:00. Circa 80 de milimetri de precipita\u0163ii (80 de litri pe metru p\u0103trat) sunt a\u015ftepta\u0163i \u00een regiunea \u00een care se g\u0103sesc ora\u015fele Ronda \u015fi Malaga (sud) \u00een decurs de 12 ore.<\/p>\n<p>\u00cen provincia Huelva (sud-vest), pompierii au evacuat locuitori \u201edin cauza cre\u015fterii nivelului r\u00e2ului Odiel \u00een zonele predispuse la inunda\u0163ii. Apa a p\u0103truns \u00een unele locuin\u0163e\u201d, au anun\u0163at ace\u015ftia pe X (fostul Twitter).<\/p>\n<p>Traficul feroviar \u00eentre El Sorbito \u015fi Arahal, pe ruta Sevilla-Malaga, a fost suspendat din cauza acumul\u0103rii de ap\u0103 pe \u015fine, potrivit administratorului infrastructurii feroviare Adif. De asemenea, traficul feroviar dintre Niebla \u015fi San Juan del Puerto, pe ruta Huelva-Sevilla, a fost suspendat pentru c\u00e2teva ore.<\/p>\n<p>Furtuna Laurence este a\u015fteptat\u0103 s\u0103 provoace \u015fi c\u0103deri masive de z\u0103pad\u0103 \u00een sta\u0163iunea de schi Sierra Nevada, aflat\u0103 l\u00e2ng\u0103 Granada, unde autorit\u0103\u0163ile au avertizat asupra riscului de avalan\u015f\u0103.<\/p>\n<p>Spania, care a traversat o lung\u0103 perioad\u0103 de secet\u0103 \u00eentre 2021 \u015fi 2024, se confrunt\u0103 de c\u00e2teva s\u0103pt\u0103m\u00e2ni cu episoade de ploi intense. Aceste precipita\u0163ii au provocat inunda\u0163ii, \u00eens\u0103 nu au fost raportate victime.<\/p>\n<p><a href=\"https:\/\/hotnews.ro\/spania-lovita-de-furtuna-laurence-inundatii-de-proportii-in-andaluzia-si-perturbari-ale-traficului-feroviar-1927275\"><strong>hotnews.ro<\/strong><\/a><\/p>\n<\/div>\n","protected":false},"excerpt":{"rendered":"<div><img loading=\"lazy\" decoding=\"async\" width=\"696\" height=\"464\" src=\"https:\/\/canal5.md\/wp-content\/uploads\/2025\/03\/profimedia-0976605050-optimized.webp\" class=\"attachment-large size-large wp-post-image\" alt=\"\" srcset=\"https:\/\/canal5.md\/wp-content\/uploads\/2025\/03\/profimedia-0976605050-optimized.webp 1024w, https:\/\/canal5.md\/wp-content\/uploads\/2025\/03\/profimedia-0976605050-300x200-optimized.webp 300w, https:\/\/canal5.md\/wp-content\/uploads\/2025\/03\/profimedia-0976605050-768x512-optimized.webp 768w, https:\/\/canal5.md\/wp-content\/uploads\/2025\/03\/profimedia-0976605050-696x464-optimized.webp 696w\">Furtuna Laurence a provocat luni precipita\u0163ii abundente \u00een Spania, \u00een special \u00een Andaluzia (sud), mai multe r\u00e2uri au ie\u015fit din matc\u0103, iar unele drumuri \u015fi linii feroviare au devenit impracticabile, au indicat autorit\u0103\u0163ile locale, preluat\u0103 de Agerpres. Furtuna a cauzat \u201e168 de incidente, unele dintre ele semnificative, pe re\u0163eaua de transport\u201d, a declarat consilierul regional [\u2026]<\/div>\n","protected":false},"author":1,"featured_media":69270,"comment_status":"closed","ping_status":"closed","sticky":false,"template":"","format":"standard","meta":{"jnews-multi-image_gallery":[],"jnews_single_post":[],"jnews_primary_category":[],"jnews_social_meta":[],"jnews_override_counter":[],"footnotes":""},"categories":[29],"tags":[],"class_list":["post-69269","post","type-post","status-publish","format-standard","has-post-thumbnail","hentry","category-externe_ro"],"_links":{"self":[{"href":"https:\/\/orheifm.live\/index.php\/wp-json\/wp\/v2\/posts\/69269","targetHints":{"allow":["GET"]}}],"collection":[{"href":"https:\/\/orheifm.live\/index.php\/wp-json\/wp\/v2\/posts"}],"about":[{"href":"https:\/\/orheifm.live\/index.php\/wp-json\/wp\/v2\/types\/post"}],"author":[{"embeddable":true,"href":"https:\/\/orheifm.live\/index.php\/wp-json\/wp\/v2\/users\/1"}],"replies":[{"embeddable":true,"href":"https:\/\/orheifm.live\/index.php\/wp-json\/wp\/v2\/comments?post=69269"}],"version-history":[{"count":0,"href":"https:\/\/orheifm.live\/index.php\/wp-json\/wp\/v2\/posts\/69269\/revisions"}],"wp:featuredmedia":[{"embeddable":true,"href":"https:\/\/orheifm.live\/index.php\/wp-json\/wp\/v2\/media\/69270"}],"wp:attachment":[{"href":"https:\/\/orheifm.live\/index.php\/wp-json\/wp\/v2\/media?parent=69269"}],"wp:term":[{"taxonomy":"category","embeddable":true,"href":"https:\/\/orheifm.live\/index.php\/wp-json\/wp\/v2\/categories?post=69269"},{"taxonomy":"post_tag","embeddable":true,"href":"https:\/\/orheifm.live\/index.php\/wp-json\/wp\/v2\/tags?post=69269"}],"curies":[{"name":"wp","href":"https:\/\/api.w.org\/{rel}","templated":true}]}}