{"id":69238,"date":"2025-03-17T19:13:57","date_gmt":"2025-03-17T17:13:57","guid":{"rendered":"https:\/\/orheifm.live\/index.php\/2025\/03\/17\/5-masini-si-un-microbuz-s-au-ciocnit-la-intrarea-in-bucuresti-12-oameni-au-fost-dusi-la-spital\/"},"modified":"2025-03-17T19:13:57","modified_gmt":"2025-03-17T17:13:57","slug":"5-masini-si-un-microbuz-s-au-ciocnit-la-intrarea-in-bucuresti-12-oameni-au-fost-dusi-la-spital","status":"publish","type":"post","link":"https:\/\/orheifm.live\/index.php\/2025\/03\/17\/5-masini-si-un-microbuz-s-au-ciocnit-la-intrarea-in-bucuresti-12-oameni-au-fost-dusi-la-spital\/","title":{"rendered":"5 ma\u0219ini \u0219i un microbuz s-au ciocnit la intrarea \u00een Bucure\u0219ti. 12 oameni au fost du\u0219i la spital"},"content":{"rendered":"<div>\n<p><strong>Traficul a fost blocat complet pe centura Bucure\u0219tiului, pe sensul spre ora\u0219, din cauza unui accident grav cu 6 ma\u0219ini implicate, printre care \u0219i un microbuz. 12 persoane au fost transportate la spital pentru \u00eengrijiri medicale. Traficul a fost reluat dup\u0103 mai bine de trei ore. 0 seconds of 59 secondsVolume 90% \u00a0<\/strong><\/p>\n<p>Toate cele 12 victime au suferit r\u0103ni u\u0219oare. Potrivit poli\u021bi\u0219tilor, \u201e\u00een jurul orei 15.10, Brigada Rutier\u0103 a fost sesizat\u0103 prin apel 112, cu privire la producerea unui accident de circula\u0163ie la intersec\u0163ia \u015eos. Chitilei-Bd. Laminorului.<\/p>\n<p>Poli\u0163i\u015ftii rutieri ajun\u015fi la fa\u0163a locului au constatat c\u0103 este vorba de un accident de circula\u0163ie, \u00een care au fost implicate 6 autovehicule (5 autoturisme \u015fi un microbuz de transport persoane)\u201d.<\/p>\n<p>\u201eConduc\u0103torii auto au fost testa\u0163i cu aparatul alcooltest, rezultatele fiind zero\u201d, a precizat Brigad Rutier\u0103. Au fost aplicate restric\u0163ii de circula\u0163ie pe \u015eos. Chitilei, sensul dinspre DNCB c\u0103tre Municipiul Bucure\u015fti, iar pe \u015eos.<\/p>\n<p>Chitilei, sensul c\u0103tre DNCB, s-a circulat pe o singur\u0103 band\u0103. Traficul a fost reluat la ora 18.30, Poli\u0163i\u015ftii Brig\u0103zii Rutiere fac cercet\u0103ri la fa\u0163a locului pentru a stabili cum s-a produs accidentul.<\/p>\n<\/div>\n","protected":false},"excerpt":{"rendered":"<div><img loading=\"lazy\" decoding=\"async\" width=\"696\" height=\"393\" src=\"https:\/\/canal5.md\/wp-content\/uploads\/2025\/03\/ptq0mczoyxnopwrhnmfjmwflywmyzwrhnzmxzdjhodqzzme4mtuzmtmy.thumb_-optimized.jpg\" class=\"attachment-large size-large wp-post-image\" alt=\"\" srcset=\"https:\/\/canal5.md\/wp-content\/uploads\/2025\/03\/ptq0mczoyxnopwrhnmfjmwflywmyzwrhnzmxzdjhodqzzme4mtuzmtmy.thumb_-optimized.jpg 780w, https:\/\/canal5.md\/wp-content\/uploads\/2025\/03\/ptq0mczoyxnopwrhnmfjmwflywmyzwrhnzmxzdjhodqzzme4mtuzmtmy.thumb_-300x169-optimized.jpg 300w, https:\/\/canal5.md\/wp-content\/uploads\/2025\/03\/ptq0mczoyxnopwrhnmfjmwflywmyzwrhnzmxzdjhodqzzme4mtuzmtmy.thumb_-768x433-optimized.jpg 768w, https:\/\/canal5.md\/wp-content\/uploads\/2025\/03\/ptq0mczoyxnopwrhnmfjmwflywmyzwrhnzmxzdjhodqzzme4mtuzmtmy.thumb_-696x393-optimized.jpg 696w\">Traficul a fost blocat complet pe centura Bucure\u0219tiului, pe sensul spre ora\u0219, din cauza unui accident grav cu 6 ma\u0219ini implicate, printre care \u0219i un microbuz. 12 persoane au fost transportate la spital pentru \u00eengrijiri medicale. Traficul a fost reluat dup\u0103 mai bine de trei ore. 0 seconds of 59 secondsVolume 90% \u00a0 Toate cele [\u2026]<\/div>\n","protected":false},"author":1,"featured_media":69239,"comment_status":"closed","ping_status":"closed","sticky":false,"template":"","format":"standard","meta":{"jnews-multi-image_gallery":[],"jnews_single_post":[],"jnews_primary_category":[],"jnews_social_meta":[],"jnews_override_counter":[],"footnotes":""},"categories":[29],"tags":[],"class_list":["post-69238","post","type-post","status-publish","format-standard","has-post-thumbnail","hentry","category-externe_ro"],"_links":{"self":[{"href":"https:\/\/orheifm.live\/index.php\/wp-json\/wp\/v2\/posts\/69238","targetHints":{"allow":["GET"]}}],"collection":[{"href":"https:\/\/orheifm.live\/index.php\/wp-json\/wp\/v2\/posts"}],"about":[{"href":"https:\/\/orheifm.live\/index.php\/wp-json\/wp\/v2\/types\/post"}],"author":[{"embeddable":true,"href":"https:\/\/orheifm.live\/index.php\/wp-json\/wp\/v2\/users\/1"}],"replies":[{"embeddable":true,"href":"https:\/\/orheifm.live\/index.php\/wp-json\/wp\/v2\/comments?post=69238"}],"version-history":[{"count":0,"href":"https:\/\/orheifm.live\/index.php\/wp-json\/wp\/v2\/posts\/69238\/revisions"}],"wp:featuredmedia":[{"embeddable":true,"href":"https:\/\/orheifm.live\/index.php\/wp-json\/wp\/v2\/media\/69239"}],"wp:attachment":[{"href":"https:\/\/orheifm.live\/index.php\/wp-json\/wp\/v2\/media?parent=69238"}],"wp:term":[{"taxonomy":"category","embeddable":true,"href":"https:\/\/orheifm.live\/index.php\/wp-json\/wp\/v2\/categories?post=69238"},{"taxonomy":"post_tag","embeddable":true,"href":"https:\/\/orheifm.live\/index.php\/wp-json\/wp\/v2\/tags?post=69238"}],"curies":[{"name":"wp","href":"https:\/\/api.w.org\/{rel}","templated":true}]}}