{"id":69235,"date":"2025-03-17T18:45:25","date_gmt":"2025-03-17T16:45:25","guid":{"rendered":"https:\/\/orheifm.live\/index.php\/2025\/03\/17\/o-adolescenta-de-16-ani-ar-fi-cazut-de-la-etaj-la-centrul-mamei-si-a-copilului-ce-spune-institutia\/"},"modified":"2025-03-17T18:45:25","modified_gmt":"2025-03-17T16:45:25","slug":"o-adolescenta-de-16-ani-ar-fi-cazut-de-la-etaj-la-centrul-mamei-si-a-copilului-ce-spune-institutia","status":"publish","type":"post","link":"https:\/\/orheifm.live\/index.php\/2025\/03\/17\/o-adolescenta-de-16-ani-ar-fi-cazut-de-la-etaj-la-centrul-mamei-si-a-copilului-ce-spune-institutia\/","title":{"rendered":"O adolescent\u0103 de 16 ani ar fi c\u0103zut de la etaj la Centrul Mamei \u0219i a Copilului. Ce spune institu\u021bia"},"content":{"rendered":"<div>\n<p><strong>O adolescent\u0103 de 16 ani ar fi c\u0103zut de la etajul cinci, din fereastra sec\u021biei neurologie, la Institutul Mamei \u0219i Copilului din\u00a0<a class=\"google-anno\" href=\"https:\/\/unimedia.info\/ro\/news\/e7672997e7726876\/o-fetita-de-10-ani-ar-fi-cazut-de-la-etaj-la-centrul-mamei-si-a-copilului-ce-spune-institutia.html#\" data-google-vignette=\"false\" data-google-interstitial=\"false\">\u00a0<span class=\"google-anno-t\">Chi\u0219in\u0103u<\/span><\/a>, scrie bloggerul Eugen Luchianiuc. Solicitat de UNIMEDIA, purt\u0103torul de cuv\u00e2nt al IMC, Maxim Cazacu, a declarat c\u0103 \u201epacienta a fost g\u0103sit\u0103 \u00een afara institu\u021biei cu diferite leziuni \u0219i traumatisme.<\/strong>\u201d<\/p>\n<p>\u201eLa Centrul Mamei \u0219i a Copilului, din fereastra sec\u021biei neurologie, de la etajul 5, a c\u0103zut o fat\u0103\u201d, a scris bloggerul pe re\u021bele.<img loading=\"lazy\" decoding=\"async\" class=\"alignnone size-full wp-image-81606\" src=\"https:\/\/orheifm.live\/wp-content\/uploads\/2025\/03\/7ab882f44766f2aa1f2fd15637882d231158fe7a200d4fe3556dcf393cd060ff-1-optimized.png\" alt=\"\" width=\"605\" height=\"171\" srcset=\"https:\/\/orheifm.live\/wp-content\/uploads\/2025\/03\/7ab882f44766f2aa1f2fd15637882d231158fe7a200d4fe3556dcf393cd060ff-1-optimized.png 605w, https:\/\/canal5.md\/wp-content\/uploads\/2025\/03\/7ab882f44766f2aa1f2fd15637882d231158fe7a200d4fe3556dcf393cd060ff-1-300x85-optimized.png 300w\" sizes=\"auto, (max-width: 605px) 100vw, 605px\"><\/p>\n<p>\u201eAst\u0103zi, 17 martie, a fost identificat\u0103 o pacient\u0103, fiind g\u0103sit\u0103 \u00een afara institu\u021biei cu diferite leziuni \u0219i \u00a0traumatisme.<\/p>\n<p>Pacienta prime\u0219te \u00een prezent toate \u00eengrijirile medicale necesare \u00een cadrul Departamentului de Anesteziologie \u0219i Terapie Intensiv\u0103. Starea ei este monitorizat\u0103 \u00eendeaproape de echipa medical\u0103\u201d, a transmis Maxim Cazacu, purt\u0103torul de cuv\u00e2nt al IMC.<\/p>\n<\/div>\n","protected":false},"excerpt":{"rendered":"<div><img loading=\"lazy\" decoding=\"async\" width=\"696\" height=\"464\" src=\"https:\/\/canal5.md\/wp-content\/uploads\/2025\/03\/1_2agcktghhvm_kzrm8twc4w-optimized.jpg\" class=\"attachment-large size-large wp-post-image\" alt=\"\" srcset=\"https:\/\/canal5.md\/wp-content\/uploads\/2025\/03\/1_2agcktghhvm_kzrm8twc4w-optimized.jpg 720w, https:\/\/canal5.md\/wp-content\/uploads\/2025\/03\/1_2agcktghhvm_kzrm8twc4w-300x200-optimized.jpg 300w, https:\/\/canal5.md\/wp-content\/uploads\/2025\/03\/1_2agcktghhvm_kzrm8twc4w-696x464-optimized.jpg 696w\">O adolescent\u0103 de 16 ani ar fi c\u0103zut de la etajul cinci, din fereastra sec\u021biei neurologie, la Institutul Mamei \u0219i Copilului din\u00a0\u00a0Chi\u0219in\u0103u, scrie bloggerul Eugen Luchianiuc. Solicitat de UNIMEDIA, purt\u0103torul de cuv\u00e2nt al IMC, Maxim Cazacu, a declarat c\u0103 \u201epacienta a fost g\u0103sit\u0103 \u00een afara institu\u021biei cu diferite leziuni \u0219i traumatisme.\u201d \u201eLa Centrul Mamei \u0219i [\u2026]<\/div>\n","protected":false},"author":1,"featured_media":69236,"comment_status":"closed","ping_status":"closed","sticky":false,"template":"","format":"standard","meta":{"jnews-multi-image_gallery":[],"jnews_single_post":[],"jnews_primary_category":[],"jnews_social_meta":[],"jnews_override_counter":[],"footnotes":""},"categories":[30],"tags":[],"class_list":["post-69235","post","type-post","status-publish","format-standard","has-post-thumbnail","hentry","category-social_ro"],"_links":{"self":[{"href":"https:\/\/orheifm.live\/index.php\/wp-json\/wp\/v2\/posts\/69235","targetHints":{"allow":["GET"]}}],"collection":[{"href":"https:\/\/orheifm.live\/index.php\/wp-json\/wp\/v2\/posts"}],"about":[{"href":"https:\/\/orheifm.live\/index.php\/wp-json\/wp\/v2\/types\/post"}],"author":[{"embeddable":true,"href":"https:\/\/orheifm.live\/index.php\/wp-json\/wp\/v2\/users\/1"}],"replies":[{"embeddable":true,"href":"https:\/\/orheifm.live\/index.php\/wp-json\/wp\/v2\/comments?post=69235"}],"version-history":[{"count":0,"href":"https:\/\/orheifm.live\/index.php\/wp-json\/wp\/v2\/posts\/69235\/revisions"}],"wp:featuredmedia":[{"embeddable":true,"href":"https:\/\/orheifm.live\/index.php\/wp-json\/wp\/v2\/media\/69236"}],"wp:attachment":[{"href":"https:\/\/orheifm.live\/index.php\/wp-json\/wp\/v2\/media?parent=69235"}],"wp:term":[{"taxonomy":"category","embeddable":true,"href":"https:\/\/orheifm.live\/index.php\/wp-json\/wp\/v2\/categories?post=69235"},{"taxonomy":"post_tag","embeddable":true,"href":"https:\/\/orheifm.live\/index.php\/wp-json\/wp\/v2\/tags?post=69235"}],"curies":[{"name":"wp","href":"https:\/\/api.w.org\/{rel}","templated":true}]}}