{"id":69231,"date":"2025-03-17T17:40:08","date_gmt":"2025-03-17T15:40:08","guid":{"rendered":"https:\/\/orheifm.live\/index.php\/2025\/03\/17\/o-moldoveanca-a-disparut-in-germania-dupa-o-cearta-cu-sotul\/"},"modified":"2025-03-17T17:40:08","modified_gmt":"2025-03-17T15:40:08","slug":"o-moldoveanca-a-disparut-in-germania-dupa-o-cearta-cu-sotul","status":"publish","type":"post","link":"https:\/\/orheifm.live\/index.php\/2025\/03\/17\/o-moldoveanca-a-disparut-in-germania-dupa-o-cearta-cu-sotul\/","title":{"rendered":"O moldoveanc\u0103 a disp\u0103rut \u00een Germania dup\u0103 o ceart\u0103 cu so\u021bul"},"content":{"rendered":"<div>\n<p><strong>Marinela Obada, o t\u00e2n\u0103r\u0103 din Republica Moldova, a disp\u0103rut \u00een Germania de mai bine de o s\u0103pt\u0103m\u00e2n\u0103. Ultima dat\u0103 a fost v\u0103zut\u0103 pe 6 martie, pe strada Hardfeldstra\u00dfe 15, \u00een Bruchsal.<\/strong><\/p>\n<p>Potrivit informa\u021biilor ap\u0103rute online, \u00eenainte de dispari\u021bie, aceasta ar fi avut o ceart\u0103 cu so\u021bul ei. Mama \u0219i sora ei se afl\u0103 \u00een prezent \u00een Germania, iar Poli\u021bia investigheaz\u0103 cazul.<\/p>\n<p>Cei care au informa\u021bii despre locul unde s-ar putea afla sunt ruga\u021bi s\u0103 contacteze autorit\u0103\u021bile locale sau s\u0103 sune la num\u0103rul de telefon al tat\u0103lui ei, Ion Obada, +373 611 00 919.<\/p>\n<\/div>\n","protected":false},"excerpt":{"rendered":"<div><img loading=\"lazy\" decoding=\"async\" width=\"435\" height=\"500\" src=\"https:\/\/canal5.md\/wp-content\/uploads\/2025\/03\/snimok-ekrana_17-3-2025_153822_point.md_-optimized.jpeg\" class=\"attachment-large size-large wp-post-image\" alt=\"\" srcset=\"https:\/\/canal5.md\/wp-content\/uploads\/2025\/03\/snimok-ekrana_17-3-2025_153822_point.md_-optimized.jpeg 435w, https:\/\/canal5.md\/wp-content\/uploads\/2025\/03\/snimok-ekrana_17-3-2025_153822_point.md_-261x300-optimized.jpeg 261w\">Marinela Obada, o t\u00e2n\u0103r\u0103 din Republica Moldova, a disp\u0103rut \u00een Germania de mai bine de o s\u0103pt\u0103m\u00e2n\u0103. Ultima dat\u0103 a fost v\u0103zut\u0103 pe 6 martie, pe strada Hardfeldstra\u00dfe 15, \u00een Bruchsal. Potrivit informa\u021biilor ap\u0103rute online, \u00eenainte de dispari\u021bie, aceasta ar fi avut o ceart\u0103 cu so\u021bul ei. Mama \u0219i sora ei se afl\u0103 \u00een prezent [\u2026]<\/div>\n","protected":false},"author":1,"featured_media":69232,"comment_status":"closed","ping_status":"closed","sticky":false,"template":"","format":"standard","meta":{"jnews-multi-image_gallery":[],"jnews_single_post":[],"jnews_primary_category":[],"jnews_social_meta":[],"jnews_override_counter":[],"footnotes":""},"categories":[30],"tags":[],"class_list":["post-69231","post","type-post","status-publish","format-standard","has-post-thumbnail","hentry","category-social_ro"],"_links":{"self":[{"href":"https:\/\/orheifm.live\/index.php\/wp-json\/wp\/v2\/posts\/69231","targetHints":{"allow":["GET"]}}],"collection":[{"href":"https:\/\/orheifm.live\/index.php\/wp-json\/wp\/v2\/posts"}],"about":[{"href":"https:\/\/orheifm.live\/index.php\/wp-json\/wp\/v2\/types\/post"}],"author":[{"embeddable":true,"href":"https:\/\/orheifm.live\/index.php\/wp-json\/wp\/v2\/users\/1"}],"replies":[{"embeddable":true,"href":"https:\/\/orheifm.live\/index.php\/wp-json\/wp\/v2\/comments?post=69231"}],"version-history":[{"count":0,"href":"https:\/\/orheifm.live\/index.php\/wp-json\/wp\/v2\/posts\/69231\/revisions"}],"wp:featuredmedia":[{"embeddable":true,"href":"https:\/\/orheifm.live\/index.php\/wp-json\/wp\/v2\/media\/69232"}],"wp:attachment":[{"href":"https:\/\/orheifm.live\/index.php\/wp-json\/wp\/v2\/media?parent=69231"}],"wp:term":[{"taxonomy":"category","embeddable":true,"href":"https:\/\/orheifm.live\/index.php\/wp-json\/wp\/v2\/categories?post=69231"},{"taxonomy":"post_tag","embeddable":true,"href":"https:\/\/orheifm.live\/index.php\/wp-json\/wp\/v2\/tags?post=69231"}],"curies":[{"name":"wp","href":"https:\/\/api.w.org\/{rel}","templated":true}]}}