{"id":69229,"date":"2025-03-17T17:20:58","date_gmt":"2025-03-17T15:20:58","guid":{"rendered":"https:\/\/orheifm.live\/index.php\/2025\/03\/17\/avertizare-meteo-vant-puternic-pe-18-martie-in-republica-moldova\/"},"modified":"2025-03-17T17:20:58","modified_gmt":"2025-03-17T15:20:58","slug":"avertizare-meteo-vant-puternic-pe-18-martie-in-republica-moldova","status":"publish","type":"post","link":"https:\/\/orheifm.live\/index.php\/2025\/03\/17\/avertizare-meteo-vant-puternic-pe-18-martie-in-republica-moldova\/","title":{"rendered":"Avertizare meteo: V\u00e2nt puternic pe 18 martie \u00een Republica Moldova"},"content":{"rendered":"<div>\n<p><strong>Serviciul Hidrometeorologic de Stat a emis un Cod Galben de v\u00e2nt puternic pentru o parte a Republicii Moldova.<\/strong><\/p>\n<p>Avertizarea este valabil\u0103 pe 18 martie, \u00eentre orele 00:00 \u0219i 15:00.<\/p>\n<p>Conform meteorologilor, rafalele de v\u00e2nt din nord-vest vor atinge viteze de 15-20 m\/s.<\/p>\n<\/div>\n","protected":false},"excerpt":{"rendered":"<div><img loading=\"lazy\" decoding=\"async\" width=\"696\" height=\"464\" src=\"https:\/\/canal5.md\/wp-content\/uploads\/2025\/03\/e2a026670bfb2b7d2706c323fa420bd6-1-1024x682-optimized.jpg\" class=\"attachment-large size-large wp-post-image\" alt=\"\" srcset=\"https:\/\/canal5.md\/wp-content\/uploads\/2025\/03\/e2a026670bfb2b7d2706c323fa420bd6-1-1024x682-optimized.jpg 1024w, https:\/\/canal5.md\/wp-content\/uploads\/2025\/03\/e2a026670bfb2b7d2706c323fa420bd6-1-300x200-optimized.jpg 300w, https:\/\/canal5.md\/wp-content\/uploads\/2025\/03\/e2a026670bfb2b7d2706c323fa420bd6-1-768x512-optimized.jpg 768w, https:\/\/canal5.md\/wp-content\/uploads\/2025\/03\/e2a026670bfb2b7d2706c323fa420bd6-1-696x464-optimized.jpg 696w, https:\/\/canal5.md\/wp-content\/uploads\/2025\/03\/e2a026670bfb2b7d2706c323fa420bd6-1-1068x712-optimized.jpg 1068w, https:\/\/canal5.md\/wp-content\/uploads\/2025\/03\/e2a026670bfb2b7d2706c323fa420bd6-1-optimized.jpg 1280w\">Serviciul Hidrometeorologic de Stat a emis un Cod Galben de v\u00e2nt puternic pentru o parte a Republicii Moldova. Avertizarea este valabil\u0103 pe 18 martie, \u00eentre orele 00:00 \u0219i 15:00. Conform meteorologilor, rafalele de v\u00e2nt din nord-vest vor atinge viteze de 15-20 m\/s.<\/div>\n","protected":false},"author":1,"featured_media":69230,"comment_status":"closed","ping_status":"closed","sticky":false,"template":"","format":"standard","meta":{"jnews-multi-image_gallery":[],"jnews_single_post":[],"jnews_primary_category":[],"jnews_social_meta":[],"jnews_override_counter":[],"footnotes":""},"categories":[30],"tags":[],"class_list":["post-69229","post","type-post","status-publish","format-standard","has-post-thumbnail","hentry","category-social_ro"],"_links":{"self":[{"href":"https:\/\/orheifm.live\/index.php\/wp-json\/wp\/v2\/posts\/69229","targetHints":{"allow":["GET"]}}],"collection":[{"href":"https:\/\/orheifm.live\/index.php\/wp-json\/wp\/v2\/posts"}],"about":[{"href":"https:\/\/orheifm.live\/index.php\/wp-json\/wp\/v2\/types\/post"}],"author":[{"embeddable":true,"href":"https:\/\/orheifm.live\/index.php\/wp-json\/wp\/v2\/users\/1"}],"replies":[{"embeddable":true,"href":"https:\/\/orheifm.live\/index.php\/wp-json\/wp\/v2\/comments?post=69229"}],"version-history":[{"count":0,"href":"https:\/\/orheifm.live\/index.php\/wp-json\/wp\/v2\/posts\/69229\/revisions"}],"wp:featuredmedia":[{"embeddable":true,"href":"https:\/\/orheifm.live\/index.php\/wp-json\/wp\/v2\/media\/69230"}],"wp:attachment":[{"href":"https:\/\/orheifm.live\/index.php\/wp-json\/wp\/v2\/media?parent=69229"}],"wp:term":[{"taxonomy":"category","embeddable":true,"href":"https:\/\/orheifm.live\/index.php\/wp-json\/wp\/v2\/categories?post=69229"},{"taxonomy":"post_tag","embeddable":true,"href":"https:\/\/orheifm.live\/index.php\/wp-json\/wp\/v2\/tags?post=69229"}],"curies":[{"name":"wp","href":"https:\/\/api.w.org\/{rel}","templated":true}]}}