{"id":69227,"date":"2025-03-17T16:00:58","date_gmt":"2025-03-17T14:00:58","guid":{"rendered":"https:\/\/orheifm.live\/index.php\/2025\/03\/17\/carantina-in-tiraspol-din-cauza-infectiilor-virale-gradinite-si-scoli-inchise\/"},"modified":"2025-03-17T16:00:58","modified_gmt":"2025-03-17T14:00:58","slug":"carantina-in-tiraspol-din-cauza-infectiilor-virale-gradinite-si-scoli-inchise","status":"publish","type":"post","link":"https:\/\/orheifm.live\/index.php\/2025\/03\/17\/carantina-in-tiraspol-din-cauza-infectiilor-virale-gradinite-si-scoli-inchise\/","title":{"rendered":"Carantin\u0103 \u00een Tiraspol din cauza infec\u021biilor virale: Gr\u0103dini\u021be \u0219i \u0219coli \u00eenchise"},"content":{"rendered":"<div>\n<p><strong>Carantin\u0103 \u00een Tiraspol din cauza unui num\u0103r mare de cazuri de infec\u021bii virale.<\/strong><\/p>\n<p>Cinci grupe de gr\u0103dini\u021b\u0103 \u0219i 12 clase au fost \u00eenchise, conform presei locale. De asemenea, \u00een ora\u0219ul R\u00eebni\u021ba, 619 elevi nu frecventeaz\u0103 \u0219coala din cauza virozelor.<\/p>\n<\/div>\n","protected":false},"excerpt":{"rendered":"<div><img loading=\"lazy\" decoding=\"async\" width=\"696\" height=\"392\" src=\"https:\/\/canal5.md\/wp-content\/uploads\/2025\/03\/194d0b4789b8d6eea950f2508a6b9727edd11ce13b484cd9e6520741f3bf8070-optimized.jpg\" class=\"attachment-large size-large wp-post-image\" alt=\"\" srcset=\"https:\/\/canal5.md\/wp-content\/uploads\/2025\/03\/194d0b4789b8d6eea950f2508a6b9727edd11ce13b484cd9e6520741f3bf8070-optimized.jpg 800w, https:\/\/canal5.md\/wp-content\/uploads\/2025\/03\/194d0b4789b8d6eea950f2508a6b9727edd11ce13b484cd9e6520741f3bf8070-300x169-optimized.jpg 300w, https:\/\/canal5.md\/wp-content\/uploads\/2025\/03\/194d0b4789b8d6eea950f2508a6b9727edd11ce13b484cd9e6520741f3bf8070-768x432-optimized.jpg 768w, https:\/\/canal5.md\/wp-content\/uploads\/2025\/03\/194d0b4789b8d6eea950f2508a6b9727edd11ce13b484cd9e6520741f3bf8070-696x392-optimized.jpg 696w\">Carantin\u0103 \u00een Tiraspol din cauza unui num\u0103r mare de cazuri de infec\u021bii virale. Cinci grupe de gr\u0103dini\u021b\u0103 \u0219i 12 clase au fost \u00eenchise, conform presei locale. De asemenea, \u00een ora\u0219ul R\u00eebni\u021ba, 619 elevi nu frecventeaz\u0103 \u0219coala din cauza virozelor.<\/div>\n","protected":false},"author":1,"featured_media":69228,"comment_status":"closed","ping_status":"closed","sticky":false,"template":"","format":"standard","meta":{"jnews-multi-image_gallery":[],"jnews_single_post":[],"jnews_primary_category":[],"jnews_social_meta":[],"jnews_override_counter":[],"footnotes":""},"categories":[30],"tags":[],"class_list":["post-69227","post","type-post","status-publish","format-standard","has-post-thumbnail","hentry","category-social_ro"],"_links":{"self":[{"href":"https:\/\/orheifm.live\/index.php\/wp-json\/wp\/v2\/posts\/69227","targetHints":{"allow":["GET"]}}],"collection":[{"href":"https:\/\/orheifm.live\/index.php\/wp-json\/wp\/v2\/posts"}],"about":[{"href":"https:\/\/orheifm.live\/index.php\/wp-json\/wp\/v2\/types\/post"}],"author":[{"embeddable":true,"href":"https:\/\/orheifm.live\/index.php\/wp-json\/wp\/v2\/users\/1"}],"replies":[{"embeddable":true,"href":"https:\/\/orheifm.live\/index.php\/wp-json\/wp\/v2\/comments?post=69227"}],"version-history":[{"count":0,"href":"https:\/\/orheifm.live\/index.php\/wp-json\/wp\/v2\/posts\/69227\/revisions"}],"wp:featuredmedia":[{"embeddable":true,"href":"https:\/\/orheifm.live\/index.php\/wp-json\/wp\/v2\/media\/69228"}],"wp:attachment":[{"href":"https:\/\/orheifm.live\/index.php\/wp-json\/wp\/v2\/media?parent=69227"}],"wp:term":[{"taxonomy":"category","embeddable":true,"href":"https:\/\/orheifm.live\/index.php\/wp-json\/wp\/v2\/categories?post=69227"},{"taxonomy":"post_tag","embeddable":true,"href":"https:\/\/orheifm.live\/index.php\/wp-json\/wp\/v2\/tags?post=69227"}],"curies":[{"name":"wp","href":"https:\/\/api.w.org\/{rel}","templated":true}]}}