{"id":69223,"date":"2025-03-17T15:35:56","date_gmt":"2025-03-17T13:35:56","guid":{"rendered":"https:\/\/orheifm.live\/index.php\/2025\/03\/17\/spitalul-sfanta-treime-a-deschis-o-noua-sectie-pentru-pacientii-cu-pneumonie\/"},"modified":"2025-03-17T15:35:56","modified_gmt":"2025-03-17T13:35:56","slug":"spitalul-sfanta-treime-a-deschis-o-noua-sectie-pentru-pacientii-cu-pneumonie","status":"publish","type":"post","link":"https:\/\/orheifm.live\/index.php\/2025\/03\/17\/spitalul-sfanta-treime-a-deschis-o-noua-sectie-pentru-pacientii-cu-pneumonie\/","title":{"rendered":"Spitalul \u201eSf\u00e2nta Treime\u201d a deschis o nou\u0103 sec\u021bie pentru pacien\u021bii cu pneumonie"},"content":{"rendered":"<div>\n<p><strong>Spitalul municipal \u201eSf\u00e2nta Treime\u201d din Chi\u0219in\u0103u a deschis o nou\u0103 sec\u021bie cu 35 de paturi pentru pacien\u021bii cu pneumonie \u0219i alte afec\u021biuni respiratorii, pe fondul cre\u0219terii num\u0103rului de intern\u0103ri. <\/strong><\/p>\n<p>Potrivit lui Vladimir Bolocan, \u0219ef adjunct al Direc\u021biei generale asisten\u021b\u0103 medical\u0103 \u0219i social\u0103, m\u0103sura a fost necesar\u0103, deoarece reducerea intern\u0103rilor \u00een perioada vacan\u021bei \u0219colare a fost de doar 3%.<\/p>\n<p>\u00cen ultima s\u0103pt\u0103m\u00e2n\u0103, peste 3 000 de persoane s-au adresat la unit\u0103\u021bile de primiri urgen\u021be, iar 433 au fost diagnosticate cu pneumonii \u0219i bronhopneumonii, majoritatea av\u00e2nd nevoie de spitalizare.<\/p>\n<p>Medicii avertizeaz\u0103 c\u0103 virozele continu\u0103 s\u0103 afecteze copiii, men\u021bin\u00e2nd o presiune ridicat\u0103 asupra spitalelor pediatrice. \u00cen cazul unei agrav\u0103ri a situa\u021biei epidemiologice, autorit\u0103\u021bile municipale ar putea solicita sprijin suplimentar de la Ministerul S\u0103n\u0103t\u0103\u021bii.<\/p>\n<\/div>\n","protected":false},"excerpt":{"rendered":"<div><img loading=\"lazy\" decoding=\"async\" width=\"696\" height=\"356\" src=\"https:\/\/canal5.md\/wp-content\/uploads\/2025\/03\/1-104-optimized.jpg\" class=\"attachment-large size-large wp-post-image\" alt=\"\" srcset=\"https:\/\/canal5.md\/wp-content\/uploads\/2025\/03\/1-104-optimized.jpg 991w, https:\/\/canal5.md\/wp-content\/uploads\/2025\/03\/1-104-300x153-optimized.jpg 300w, https:\/\/canal5.md\/wp-content\/uploads\/2025\/03\/1-104-768x393-optimized.jpg 768w, https:\/\/canal5.md\/wp-content\/uploads\/2025\/03\/1-104-696x356-optimized.jpg 696w\">Spitalul municipal \u201eSf\u00e2nta Treime\u201d din Chi\u0219in\u0103u a deschis o nou\u0103 sec\u021bie cu 35 de paturi pentru pacien\u021bii cu pneumonie \u0219i alte afec\u021biuni respiratorii, pe fondul cre\u0219terii num\u0103rului de intern\u0103ri. Potrivit lui Vladimir Bolocan, \u0219ef adjunct al Direc\u021biei generale asisten\u021b\u0103 medical\u0103 \u0219i social\u0103, m\u0103sura a fost necesar\u0103, deoarece reducerea intern\u0103rilor \u00een perioada vacan\u021bei \u0219colare a fost [\u2026]<\/div>\n","protected":false},"author":1,"featured_media":69224,"comment_status":"closed","ping_status":"closed","sticky":false,"template":"","format":"standard","meta":{"jnews-multi-image_gallery":[],"jnews_single_post":[],"jnews_primary_category":[],"jnews_social_meta":[],"jnews_override_counter":[],"footnotes":""},"categories":[30],"tags":[],"class_list":["post-69223","post","type-post","status-publish","format-standard","has-post-thumbnail","hentry","category-social_ro"],"_links":{"self":[{"href":"https:\/\/orheifm.live\/index.php\/wp-json\/wp\/v2\/posts\/69223","targetHints":{"allow":["GET"]}}],"collection":[{"href":"https:\/\/orheifm.live\/index.php\/wp-json\/wp\/v2\/posts"}],"about":[{"href":"https:\/\/orheifm.live\/index.php\/wp-json\/wp\/v2\/types\/post"}],"author":[{"embeddable":true,"href":"https:\/\/orheifm.live\/index.php\/wp-json\/wp\/v2\/users\/1"}],"replies":[{"embeddable":true,"href":"https:\/\/orheifm.live\/index.php\/wp-json\/wp\/v2\/comments?post=69223"}],"version-history":[{"count":0,"href":"https:\/\/orheifm.live\/index.php\/wp-json\/wp\/v2\/posts\/69223\/revisions"}],"wp:featuredmedia":[{"embeddable":true,"href":"https:\/\/orheifm.live\/index.php\/wp-json\/wp\/v2\/media\/69224"}],"wp:attachment":[{"href":"https:\/\/orheifm.live\/index.php\/wp-json\/wp\/v2\/media?parent=69223"}],"wp:term":[{"taxonomy":"category","embeddable":true,"href":"https:\/\/orheifm.live\/index.php\/wp-json\/wp\/v2\/categories?post=69223"},{"taxonomy":"post_tag","embeddable":true,"href":"https:\/\/orheifm.live\/index.php\/wp-json\/wp\/v2\/tags?post=69223"}],"curies":[{"name":"wp","href":"https:\/\/api.w.org\/{rel}","templated":true}]}}