{"id":69221,"date":"2025-03-17T15:31:33","date_gmt":"2025-03-17T13:31:33","guid":{"rendered":"https:\/\/orheifm.live\/index.php\/2025\/03\/17\/misterul-disparitiei-din-ungheni-barbatul-de-36-de-ani-gasit-fara-viata\/"},"modified":"2025-03-17T15:31:33","modified_gmt":"2025-03-17T13:31:33","slug":"misterul-disparitiei-din-ungheni-barbatul-de-36-de-ani-gasit-fara-viata","status":"publish","type":"post","link":"https:\/\/orheifm.live\/index.php\/2025\/03\/17\/misterul-disparitiei-din-ungheni-barbatul-de-36-de-ani-gasit-fara-viata\/","title":{"rendered":"Misterul dispari\u021biei din Ungheni: B\u0103rbatul de 36 de ani, g\u0103sit f\u0103r\u0103 via\u021b\u0103"},"content":{"rendered":"<div>\n<p><strong>B\u0103rbatul de 36 de ani din Co\u0219ni\u021ba, Dub\u0103sari, disp\u0103rut pe 23 ianuarie dup\u0103 ce \u0219i-a vizitat p\u0103rin\u021bii \u00een Boghenii Noi, Ungheni, a fost g\u0103sit mort. <\/strong><\/p>\n<p>Trupul s\u0103u a fost descoperit \u00eentr-un iaz din extravilanul comunei Boghenii Noi. Poli\u021bia investigheaz\u0103 circumstan\u021bele decesului.<\/p>\n<p>B\u0103rbatul fusese dat \u00een c\u0103utare la sf\u00e2r\u0219itul lunii ianuarie.<\/p>\n<\/div>\n","protected":false},"excerpt":{"rendered":"<div><img loading=\"lazy\" decoding=\"async\" width=\"696\" height=\"392\" src=\"https:\/\/canal5.md\/wp-content\/uploads\/2025\/03\/26dd5507f01cb4a380241269bf2cbb1d472bc797e73423311207b490677dd1c8-1-optimized.jpg\" class=\"attachment-large size-large wp-post-image\" alt=\"\" srcset=\"https:\/\/canal5.md\/wp-content\/uploads\/2025\/03\/26dd5507f01cb4a380241269bf2cbb1d472bc797e73423311207b490677dd1c8-1-optimized.jpg 800w, https:\/\/canal5.md\/wp-content\/uploads\/2025\/03\/26dd5507f01cb4a380241269bf2cbb1d472bc797e73423311207b490677dd1c8-1-300x169-optimized.jpg 300w, https:\/\/canal5.md\/wp-content\/uploads\/2025\/03\/26dd5507f01cb4a380241269bf2cbb1d472bc797e73423311207b490677dd1c8-1-768x432-optimized.jpg 768w, https:\/\/canal5.md\/wp-content\/uploads\/2025\/03\/26dd5507f01cb4a380241269bf2cbb1d472bc797e73423311207b490677dd1c8-1-696x392-optimized.jpg 696w\">B\u0103rbatul de 36 de ani din Co\u0219ni\u021ba, Dub\u0103sari, disp\u0103rut pe 23 ianuarie dup\u0103 ce \u0219i-a vizitat p\u0103rin\u021bii \u00een Boghenii Noi, Ungheni, a fost g\u0103sit mort. Trupul s\u0103u a fost descoperit \u00eentr-un iaz din extravilanul comunei Boghenii Noi. Poli\u021bia investigheaz\u0103 circumstan\u021bele decesului. B\u0103rbatul fusese dat \u00een c\u0103utare la sf\u00e2r\u0219itul lunii ianuarie.<\/div>\n","protected":false},"author":1,"featured_media":69222,"comment_status":"closed","ping_status":"closed","sticky":false,"template":"","format":"standard","meta":{"jnews-multi-image_gallery":[],"jnews_single_post":[],"jnews_primary_category":[],"jnews_social_meta":[],"jnews_override_counter":[],"footnotes":""},"categories":[30],"tags":[],"class_list":["post-69221","post","type-post","status-publish","format-standard","has-post-thumbnail","hentry","category-social_ro"],"_links":{"self":[{"href":"https:\/\/orheifm.live\/index.php\/wp-json\/wp\/v2\/posts\/69221","targetHints":{"allow":["GET"]}}],"collection":[{"href":"https:\/\/orheifm.live\/index.php\/wp-json\/wp\/v2\/posts"}],"about":[{"href":"https:\/\/orheifm.live\/index.php\/wp-json\/wp\/v2\/types\/post"}],"author":[{"embeddable":true,"href":"https:\/\/orheifm.live\/index.php\/wp-json\/wp\/v2\/users\/1"}],"replies":[{"embeddable":true,"href":"https:\/\/orheifm.live\/index.php\/wp-json\/wp\/v2\/comments?post=69221"}],"version-history":[{"count":0,"href":"https:\/\/orheifm.live\/index.php\/wp-json\/wp\/v2\/posts\/69221\/revisions"}],"wp:featuredmedia":[{"embeddable":true,"href":"https:\/\/orheifm.live\/index.php\/wp-json\/wp\/v2\/media\/69222"}],"wp:attachment":[{"href":"https:\/\/orheifm.live\/index.php\/wp-json\/wp\/v2\/media?parent=69221"}],"wp:term":[{"taxonomy":"category","embeddable":true,"href":"https:\/\/orheifm.live\/index.php\/wp-json\/wp\/v2\/categories?post=69221"},{"taxonomy":"post_tag","embeddable":true,"href":"https:\/\/orheifm.live\/index.php\/wp-json\/wp\/v2\/tags?post=69221"}],"curies":[{"name":"wp","href":"https:\/\/api.w.org\/{rel}","templated":true}]}}