{"id":69213,"date":"2025-03-17T14:40:02","date_gmt":"2025-03-17T12:40:02","guid":{"rendered":"https:\/\/orheifm.live\/index.php\/2025\/03\/17\/cetatean-ucrainean-extradat-pentru-escrocherie-cu-prejudiciu-de-131-200-grivne\/"},"modified":"2025-03-17T14:40:02","modified_gmt":"2025-03-17T12:40:02","slug":"cetatean-ucrainean-extradat-pentru-escrocherie-cu-prejudiciu-de-131-200-grivne","status":"publish","type":"post","link":"https:\/\/orheifm.live\/index.php\/2025\/03\/17\/cetatean-ucrainean-extradat-pentru-escrocherie-cu-prejudiciu-de-131-200-grivne\/","title":{"rendered":"Cet\u0103\u021bean ucrainean extr\u0103dat pentru escrocherie cu prejudiciu de 131.200 grivne"},"content":{"rendered":"<div>\n<p><strong>La sf\u00e2r\u0219itul s\u0103pt\u0103m\u00e2nii trecute, Poli\u021bia de Frontier\u0103 a extr\u0103dat un cet\u0103\u021bean ucrainean, \u00een v\u00e2rst\u0103 de 30 de ani, c\u0103utat la nivel <\/strong><\/p>\n<p>interna\u021bional pentru escrocherie, cu un prejudiciu de 131.200 grivne, comis\u0103 \u00een Ucraina. B\u0103rbatul fusese re\u021binut \u00een iulie 2024 la intrarea \u00een Republica Moldova, \u00een punctul de trecere \u201eGiurgiule\u0219ti-Gala\u021bi\u201d, \u00een urma unei alerte INTERPOL.<\/p>\n<p>Extr\u0103darea s-a realizat la punctul de trecere \u201eTudora \u2013 Starokazacie\u201d \u0219i a fost efectuat\u0103 conform procedurilor legale \u0219i acordurilor interna\u021bionale, subliniind colaborarea eficient\u0103 a Poli\u021biei de Frontier\u0103 \u00een combaterea criminalit\u0103\u021bii transfrontaliere.<\/p>\n<\/div>\n","protected":false},"excerpt":{"rendered":"<div><img loading=\"lazy\" decoding=\"async\" width=\"696\" height=\"458\" src=\"https:\/\/canal5.md\/wp-content\/uploads\/2025\/03\/803709-optimized.webp\" class=\"attachment-large size-large wp-post-image\" alt=\"\" srcset=\"https:\/\/canal5.md\/wp-content\/uploads\/2025\/03\/803709-optimized.webp 760w, https:\/\/canal5.md\/wp-content\/uploads\/2025\/03\/803709-300x197-optimized.webp 300w, https:\/\/canal5.md\/wp-content\/uploads\/2025\/03\/803709-696x458-optimized.webp 696w\">La sf\u00e2r\u0219itul s\u0103pt\u0103m\u00e2nii trecute, Poli\u021bia de Frontier\u0103 a extr\u0103dat un cet\u0103\u021bean ucrainean, \u00een v\u00e2rst\u0103 de 30 de ani, c\u0103utat la nivel interna\u021bional pentru escrocherie, cu un prejudiciu de 131.200 grivne, comis\u0103 \u00een Ucraina. B\u0103rbatul fusese re\u021binut \u00een iulie 2024 la intrarea \u00een Republica Moldova, \u00een punctul de trecere \u201eGiurgiule\u0219ti-Gala\u021bi\u201d, \u00een urma unei alerte INTERPOL. Extr\u0103darea [\u2026]<\/div>\n","protected":false},"author":1,"featured_media":69214,"comment_status":"closed","ping_status":"closed","sticky":false,"template":"","format":"standard","meta":{"jnews-multi-image_gallery":[],"jnews_single_post":[],"jnews_primary_category":[],"jnews_social_meta":[],"jnews_override_counter":[],"footnotes":""},"categories":[30],"tags":[],"class_list":["post-69213","post","type-post","status-publish","format-standard","has-post-thumbnail","hentry","category-social_ro"],"_links":{"self":[{"href":"https:\/\/orheifm.live\/index.php\/wp-json\/wp\/v2\/posts\/69213","targetHints":{"allow":["GET"]}}],"collection":[{"href":"https:\/\/orheifm.live\/index.php\/wp-json\/wp\/v2\/posts"}],"about":[{"href":"https:\/\/orheifm.live\/index.php\/wp-json\/wp\/v2\/types\/post"}],"author":[{"embeddable":true,"href":"https:\/\/orheifm.live\/index.php\/wp-json\/wp\/v2\/users\/1"}],"replies":[{"embeddable":true,"href":"https:\/\/orheifm.live\/index.php\/wp-json\/wp\/v2\/comments?post=69213"}],"version-history":[{"count":0,"href":"https:\/\/orheifm.live\/index.php\/wp-json\/wp\/v2\/posts\/69213\/revisions"}],"wp:featuredmedia":[{"embeddable":true,"href":"https:\/\/orheifm.live\/index.php\/wp-json\/wp\/v2\/media\/69214"}],"wp:attachment":[{"href":"https:\/\/orheifm.live\/index.php\/wp-json\/wp\/v2\/media?parent=69213"}],"wp:term":[{"taxonomy":"category","embeddable":true,"href":"https:\/\/orheifm.live\/index.php\/wp-json\/wp\/v2\/categories?post=69213"},{"taxonomy":"post_tag","embeddable":true,"href":"https:\/\/orheifm.live\/index.php\/wp-json\/wp\/v2\/tags?post=69213"}],"curies":[{"name":"wp","href":"https:\/\/api.w.org\/{rel}","templated":true}]}}